{"id":97264,"date":"2026-01-07T08:41:52","date_gmt":"2026-01-07T11:41:52","guid":{"rendered":"https:\/\/www.radioamigavallenar.cl\/?p=97264"},"modified":"2026-01-07T08:41:52","modified_gmt":"2026-01-07T11:41:52","slug":"este-viernes-09-de-enero-fiesta-de-la-espuma-en-el-puerto-de-huasco","status":"publish","type":"post","link":"https:\/\/www.radioamigavallenar.cl\/?p=97264","title":{"rendered":"Este viernes 09 de enero Fiesta de la Espuma en el puerto de Huasco"},"content":{"rendered":"<p>Este viernes 09 de enero, desde las 15:30 horas, el municipio de Huasco convoca a la Costanera para disfrutar de una entretenida tarde llena de espuma, m\u00fasica y alegr\u00eda.<\/p>\n<p>Una actividad organizada por la Oficina Local de la Ni\u00f1ez (OLN) Huasco, pensada especialmente para ni\u00f1as, ni\u00f1os y adolescentes, junto a sus familias.<\/p>\n<p>En la oportunidad habr\u00e1 zumba, DJ y premios, en un espacio de recreaci\u00f3n y cuidado para toda la comunidad.<\/p>\n<div class=\"code-block code-block-8\">\n<div id=\"300x250-A\"><\/div>\n<\/div>\n<p>La cita es a contar de las 15:30 horas\u2026\u00a1No faltes y ven a refrescarte este verano juntos!.<\/p>\n","protected":false},"excerpt":{"rendered":"<p>Este viernes 09 de enero, desde las 15:30 horas, el municipio de Huasco convoca a la Costanera para disfrutar de una entretenida tarde llena de&hellip; <\/p>\n","protected":false},"author":7,"featured_media":97265,"comment_status":"closed","ping_status":"closed","sticky":false,"template":"","format":"standard","meta":{"footnotes":""},"categories":[38],"tags":[],"class_list":["post-97264","post","type-post","status-publish","format-standard","has-post-thumbnail","hentry","category-portada-regional"],"_links":{"self":[{"href":"https:\/\/www.radioamigavallenar.cl\/index.php?rest_route=\/wp\/v2\/posts\/97264","targetHints":{"allow":["GET"]}}],"collection":[{"href":"https:\/\/www.radioamigavallenar.cl\/index.php?rest_route=\/wp\/v2\/posts"}],"about":[{"href":"https:\/\/www.radioamigavallenar.cl\/index.php?rest_route=\/wp\/v2\/types\/post"}],"author":[{"embeddable":true,"href":"https:\/\/www.radioamigavallenar.cl\/index.php?rest_route=\/wp\/v2\/users\/7"}],"replies":[{"embeddable":true,"href":"https:\/\/www.radioamigavallenar.cl\/index.php?rest_route=%2Fwp%2Fv2%2Fcomments&post=97264"}],"version-history":[{"count":1,"href":"https:\/\/www.radioamigavallenar.cl\/index.php?rest_route=\/wp\/v2\/posts\/97264\/revisions"}],"predecessor-version":[{"id":97266,"href":"https:\/\/www.radioamigavallenar.cl\/index.php?rest_route=\/wp\/v2\/posts\/97264\/revisions\/97266"}],"wp:featuredmedia":[{"embeddable":true,"href":"https:\/\/www.radioamigavallenar.cl\/index.php?rest_route=\/wp\/v2\/media\/97265"}],"wp:attachment":[{"href":"https:\/\/www.radioamigavallenar.cl\/index.php?rest_route=%2Fwp%2Fv2%2Fmedia&parent=97264"}],"wp:term":[{"taxonomy":"category","embeddable":true,"href":"https:\/\/www.radioamigavallenar.cl\/index.php?rest_route=%2Fwp%2Fv2%2Fcategories&post=97264"},{"taxonomy":"post_tag","embeddable":true,"href":"https:\/\/www.radioamigavallenar.cl\/index.php?rest_route=%2Fwp%2Fv2%2Ftags&post=97264"}],"curies":[{"name":"wp","href":"https:\/\/api.w.org\/{rel}","templated":true}]}}