{"id":97189,"date":"2026-01-05T08:51:40","date_gmt":"2026-01-05T11:51:40","guid":{"rendered":"https:\/\/www.radioamigavallenar.cl\/?p=97189"},"modified":"2026-01-05T08:51:40","modified_gmt":"2026-01-05T11:51:40","slug":"alto-del-carmen-celebra-nuevo-punto-de-posada-para-helicopteros","status":"publish","type":"post","link":"https:\/\/www.radioamigavallenar.cl\/?p=97189","title":{"rendered":"Alto del Carmen celebra nuevo punto de posada para helic\u00f3pteros"},"content":{"rendered":"<p>En una jornada hist\u00f3rica para Alto del Carmen, el Ministerio de Obras P\u00fablicas inaugur\u00f3 el Punto de Posada para Helic\u00f3pteros, infraestructura que refuerza la conectividad a\u00e9rea y la respuesta ante emergencias en la comuna.<\/p>\n<p>Ambas obras muy distintas entre s\u00ed, pero profundamente complementarias\u2014 representan un mensaje claro y esperanzador: cuando el Estado invierte con mirada territorial, las comunidades rurales reciben dignidad, seguridad y oportunidades reales de desarrollo.<\/p>\n<p>Se inaugur\u00f3 el nuevo Punto de Posada para Helic\u00f3pteros, proyecto ejecutado por la Direcci\u00f3n Regional de Aeropuertos del MOP con una inversi\u00f3n cercana a los $300 millones.<\/p>\n<p>La nueva plataforma permitir\u00e1 el aterrizaje y despegue seguro de aeronaves para transporte, apoyo ante emergencias, evacuaciones m\u00e9dicas y operaciones de seguridad, reduciendo tiempos de respuesta y ampliando las capacidades operativas en una zona de alta complejidad geogr\u00e1fica.<\/p>\n<p>Su habilitaci\u00f3n representa un paso significativo para que instituciones como Carabineros, Municipalidad, SAMU y equipos de emergencia puedan actuar con mayor rapidez y coordinaci\u00f3n frente a situaciones cr\u00edticas.<\/p>\n<p>El alcalde de la comuna, Cristi\u00e1n Olivares, se\u00f1al\u00f3, \u201choy estamos muy contentos de inaugurar esta nueva Posada de Emergencia, una obra fundamental para nuestra comuna. Alto del Carmen es un territorio rural que desde el a\u00f1o 2015 ha debido enfrentar diversas emergencias, especialmente aluviones y situaciones que requieren una r\u00e1pida capacidad de respuesta\u201d.<\/p>\n<p>Olivares agreg\u00f3, \u201cla habilitaci\u00f3n de este punto de posada nos permite recibir helic\u00f3pteros y aeronaves en casos cr\u00edticos, facilitando evacuaciones, traslados y apoyo a nuestras comunidades. Considerando que contamos con alrededor de 40 localidades distribuidas a lo largo del valle, esta infraestructura es un avance enorme para mejorar la seguridad y la conectividad de nuestra gente. Estamos muy agradecidos por esta inversi\u00f3n del Estado y del Ministerio de Obras P\u00fablicas, porque hoy vemos concretada una obra largamente esperada y profundamente necesaria para Alto del Carmen.\u201d<\/p>\n<p>El Delegado Presidencial Regional, Rodrigo Illanes, se\u00f1al\u00f3, \u201cacompa\u00f1amos a la comunidad de Alto del Carmen en la inauguraci\u00f3n del nuevo Punto de Posada para Helic\u00f3pteros viene a fortalecer la red primaria y secundaria de aer\u00f3dromos y helipuertos, permitiendo una respuesta m\u00e1s r\u00e1pida ante emergencias y facilitando conexiones aerom\u00e9dicas en una comuna marcada por su aislamiento geogr\u00e1fico\u201d.<\/p>\n<p>Las autoridades, dirigentes, vecinas y vecinos valoraron estas iniciativas que, en conjunto, permiten avanzar hacia un territorio m\u00e1s seguro, con mejores servicios y con mayor equidad, reafirmando el rol del Estado como motor de progreso en las zonas rurales de Atacama.<\/p>\n","protected":false},"excerpt":{"rendered":"<p>En una jornada hist\u00f3rica para Alto del Carmen, el Ministerio de Obras P\u00fablicas inaugur\u00f3 el Punto de Posada para Helic\u00f3pteros, infraestructura que refuerza la conectividad&hellip; <\/p>\n","protected":false},"author":7,"featured_media":97190,"comment_status":"closed","ping_status":"closed","sticky":false,"template":"","format":"standard","meta":{"footnotes":""},"categories":[7],"tags":[],"class_list":["post-97189","post","type-post","status-publish","format-standard","has-post-thumbnail","hentry","category-atacama"],"_links":{"self":[{"href":"https:\/\/www.radioamigavallenar.cl\/index.php?rest_route=\/wp\/v2\/posts\/97189","targetHints":{"allow":["GET"]}}],"collection":[{"href":"https:\/\/www.radioamigavallenar.cl\/index.php?rest_route=\/wp\/v2\/posts"}],"about":[{"href":"https:\/\/www.radioamigavallenar.cl\/index.php?rest_route=\/wp\/v2\/types\/post"}],"author":[{"embeddable":true,"href":"https:\/\/www.radioamigavallenar.cl\/index.php?rest_route=\/wp\/v2\/users\/7"}],"replies":[{"embeddable":true,"href":"https:\/\/www.radioamigavallenar.cl\/index.php?rest_route=%2Fwp%2Fv2%2Fcomments&post=97189"}],"version-history":[{"count":1,"href":"https:\/\/www.radioamigavallenar.cl\/index.php?rest_route=\/wp\/v2\/posts\/97189\/revisions"}],"predecessor-version":[{"id":97191,"href":"https:\/\/www.radioamigavallenar.cl\/index.php?rest_route=\/wp\/v2\/posts\/97189\/revisions\/97191"}],"wp:featuredmedia":[{"embeddable":true,"href":"https:\/\/www.radioamigavallenar.cl\/index.php?rest_route=\/wp\/v2\/media\/97190"}],"wp:attachment":[{"href":"https:\/\/www.radioamigavallenar.cl\/index.php?rest_route=%2Fwp%2Fv2%2Fmedia&parent=97189"}],"wp:term":[{"taxonomy":"category","embeddable":true,"href":"https:\/\/www.radioamigavallenar.cl\/index.php?rest_route=%2Fwp%2Fv2%2Fcategories&post=97189"},{"taxonomy":"post_tag","embeddable":true,"href":"https:\/\/www.radioamigavallenar.cl\/index.php?rest_route=%2Fwp%2Fv2%2Ftags&post=97189"}],"curies":[{"name":"wp","href":"https:\/\/api.w.org\/{rel}","templated":true}]}}