{"id":97187,"date":"2026-01-05T08:45:16","date_gmt":"2026-01-05T11:45:16","guid":{"rendered":"https:\/\/www.radioamigavallenar.cl\/?p=97187"},"modified":"2026-01-05T08:45:16","modified_gmt":"2026-01-05T11:45:16","slug":"jose-antonio-kast-sera-proclamado-oficialmente-presidente-electo-este-lunes","status":"publish","type":"post","link":"https:\/\/www.radioamigavallenar.cl\/?p=97187","title":{"rendered":"Jos\u00e9 Antonio Kast ser\u00e1 proclamado oficialmente Presidente electo este lunes"},"content":{"rendered":"<p>El fundador del Partido Republicano,\u00a0Jos\u00e9 Antonio Kast, ser\u00e1 proclamado este lunes\u00a0oficialmente\u00a0Presidente electo de Chile\u00a0por el\u00a0Tribunal Calificador de Elecciones (Tricel),\u00a0como ganador de la segunda vuelta electoral celebrada el pasado 14 de diciembre.<\/p>\n<p>El exdiputado de 59 a\u00f1os arras\u00f3 en las urnas cosechando el\u00a058,16% de los votos\u00a0en el balotaje, el porcentaje m\u00e1s alto desde 1989, siendo tambi\u00e9n\u00a0el Mandatario m\u00e1s votado de la historia del pa\u00eds, con\u00a07,2 millones de sufragios a su favor.<\/p>\n<p>La ceremonia de proclamaci\u00f3n est\u00e1 programada para las\u00a012:00 horas\u00a0en la sede del Tricel en Santiago.<\/p>\n<p>El martes, Kast tendr\u00e1 una cita con la\u00a0Confederaci\u00f3n de la Producci\u00f3n y del Comercio (CPC), el principal gremio empresarial de Chile, y luego se embarcar\u00e1 hacia Per\u00fa, donde se reunir\u00e1 con el presidente interino de ese pa\u00eds,\u00a0Jos\u00e9 Jer\u00ed,\u00a0con quien dialog\u00f3 este domingo, v\u00eda telef\u00f3nica, sobre la captura de\u00a0Nicol\u00e1s Maduro\u00a0por parte de las fuerzas especiales de Estados Unidos.<\/p>\n","protected":false},"excerpt":{"rendered":"<p>El fundador del Partido Republicano,\u00a0Jos\u00e9 Antonio Kast, ser\u00e1 proclamado este lunes\u00a0oficialmente\u00a0Presidente electo de Chile\u00a0por el\u00a0Tribunal Calificador de Elecciones (Tricel),\u00a0como ganador de la segunda vuelta electoral&hellip; <\/p>\n","protected":false},"author":7,"featured_media":96717,"comment_status":"closed","ping_status":"closed","sticky":false,"template":"","format":"standard","meta":{"footnotes":""},"categories":[37],"tags":[],"class_list":["post-97187","post","type-post","status-publish","format-standard","has-post-thumbnail","hentry","category-nacional"],"_links":{"self":[{"href":"https:\/\/www.radioamigavallenar.cl\/index.php?rest_route=\/wp\/v2\/posts\/97187","targetHints":{"allow":["GET"]}}],"collection":[{"href":"https:\/\/www.radioamigavallenar.cl\/index.php?rest_route=\/wp\/v2\/posts"}],"about":[{"href":"https:\/\/www.radioamigavallenar.cl\/index.php?rest_route=\/wp\/v2\/types\/post"}],"author":[{"embeddable":true,"href":"https:\/\/www.radioamigavallenar.cl\/index.php?rest_route=\/wp\/v2\/users\/7"}],"replies":[{"embeddable":true,"href":"https:\/\/www.radioamigavallenar.cl\/index.php?rest_route=%2Fwp%2Fv2%2Fcomments&post=97187"}],"version-history":[{"count":1,"href":"https:\/\/www.radioamigavallenar.cl\/index.php?rest_route=\/wp\/v2\/posts\/97187\/revisions"}],"predecessor-version":[{"id":97188,"href":"https:\/\/www.radioamigavallenar.cl\/index.php?rest_route=\/wp\/v2\/posts\/97187\/revisions\/97188"}],"wp:featuredmedia":[{"embeddable":true,"href":"https:\/\/www.radioamigavallenar.cl\/index.php?rest_route=\/wp\/v2\/media\/96717"}],"wp:attachment":[{"href":"https:\/\/www.radioamigavallenar.cl\/index.php?rest_route=%2Fwp%2Fv2%2Fmedia&parent=97187"}],"wp:term":[{"taxonomy":"category","embeddable":true,"href":"https:\/\/www.radioamigavallenar.cl\/index.php?rest_route=%2Fwp%2Fv2%2Fcategories&post=97187"},{"taxonomy":"post_tag","embeddable":true,"href":"https:\/\/www.radioamigavallenar.cl\/index.php?rest_route=%2Fwp%2Fv2%2Ftags&post=97187"}],"curies":[{"name":"wp","href":"https:\/\/api.w.org\/{rel}","templated":true}]}}