{"id":97183,"date":"2026-01-05T00:00:09","date_gmt":"2026-01-05T03:00:09","guid":{"rendered":"https:\/\/www.radioamigavallenar.cl\/?p=97183"},"modified":"2026-01-04T21:22:56","modified_gmt":"2026-01-05T00:22:56","slug":"carabineros-llama-a-conductores-a-conducir-con-precaucion-por-aumento-de-desplazamientos-este-verano","status":"publish","type":"post","link":"https:\/\/www.radioamigavallenar.cl\/?p=97183","title":{"rendered":"Carabineros llama a conductores a conducir con precauci\u00f3n por aumento de desplazamientos este verano"},"content":{"rendered":"<p>Carabineros realiz\u00f3 un llamado a los conductores a extremar las medidas de autocuidado y prevenci\u00f3n durante la conducci\u00f3n, ante el incremento proyectado de desplazamientos vehiculares y de personas hacia distintos puntos de la regi\u00f3n con motivo de la llegada de visitantes este verano 2026.<\/p>\n<p>Desde la instituci\u00f3n se inform\u00f3 que, con el fin de prevenir accidentes de tr\u00e1nsito y resguardar la seguridad de la ciudadan\u00eda, se reforzaron los servicios preventivos y las fiscalizaciones en rutas interurbanas, accesos a las principales comunas y sectores de alta afluencia de p\u00fablico.<\/p>\n<p>Asimismo, se precis\u00f3 que desde el 30 de diciembre y hasta el 28 de febrero estos servicios cuentan con un refuerzo adicional de personal proveniente de los planteles educacionales de Carabineros. Pese a ello, se reiter\u00f3 la importancia de planificar los viajes con anticipaci\u00f3n, revisar las condiciones mec\u00e1nicas de los veh\u00edculos y utilizar siempre el cintur\u00f3n de seguridad y los sistemas de retenci\u00f3n infantil, adem\u00e1s de respetar los l\u00edmites de velocidad.<\/p>\n<div class=\"code-block code-block-5\">\n<div id=\"sas_99435\"><\/div>\n<\/div>\n<p>Finalmente, Carabineros insisti\u00f3 en el llamado a no conducir bajo los efectos del alcohol o las drogas, recalcando que estas conductas representan un grave riesgo tanto para la vida de los conductores como para la de terceros.<\/p>\n","protected":false},"excerpt":{"rendered":"<p>Carabineros realiz\u00f3 un llamado a los conductores a extremar las medidas de autocuidado y prevenci\u00f3n durante la conducci\u00f3n, ante el incremento proyectado de desplazamientos vehiculares&hellip; <\/p>\n","protected":false},"author":7,"featured_media":97184,"comment_status":"closed","ping_status":"closed","sticky":false,"template":"","format":"standard","meta":{"footnotes":""},"categories":[7],"tags":[],"class_list":["post-97183","post","type-post","status-publish","format-standard","has-post-thumbnail","hentry","category-atacama"],"_links":{"self":[{"href":"https:\/\/www.radioamigavallenar.cl\/index.php?rest_route=\/wp\/v2\/posts\/97183","targetHints":{"allow":["GET"]}}],"collection":[{"href":"https:\/\/www.radioamigavallenar.cl\/index.php?rest_route=\/wp\/v2\/posts"}],"about":[{"href":"https:\/\/www.radioamigavallenar.cl\/index.php?rest_route=\/wp\/v2\/types\/post"}],"author":[{"embeddable":true,"href":"https:\/\/www.radioamigavallenar.cl\/index.php?rest_route=\/wp\/v2\/users\/7"}],"replies":[{"embeddable":true,"href":"https:\/\/www.radioamigavallenar.cl\/index.php?rest_route=%2Fwp%2Fv2%2Fcomments&post=97183"}],"version-history":[{"count":1,"href":"https:\/\/www.radioamigavallenar.cl\/index.php?rest_route=\/wp\/v2\/posts\/97183\/revisions"}],"predecessor-version":[{"id":97185,"href":"https:\/\/www.radioamigavallenar.cl\/index.php?rest_route=\/wp\/v2\/posts\/97183\/revisions\/97185"}],"wp:featuredmedia":[{"embeddable":true,"href":"https:\/\/www.radioamigavallenar.cl\/index.php?rest_route=\/wp\/v2\/media\/97184"}],"wp:attachment":[{"href":"https:\/\/www.radioamigavallenar.cl\/index.php?rest_route=%2Fwp%2Fv2%2Fmedia&parent=97183"}],"wp:term":[{"taxonomy":"category","embeddable":true,"href":"https:\/\/www.radioamigavallenar.cl\/index.php?rest_route=%2Fwp%2Fv2%2Fcategories&post=97183"},{"taxonomy":"post_tag","embeddable":true,"href":"https:\/\/www.radioamigavallenar.cl\/index.php?rest_route=%2Fwp%2Fv2%2Ftags&post=97183"}],"curies":[{"name":"wp","href":"https:\/\/api.w.org\/{rel}","templated":true}]}}