{"id":97180,"date":"2026-01-05T00:00:36","date_gmt":"2026-01-05T03:00:36","guid":{"rendered":"https:\/\/www.radioamigavallenar.cl\/?p=97180"},"modified":"2026-01-05T08:43:59","modified_gmt":"2026-01-05T11:43:59","slug":"sernageomin-aprueba-proyecto-cordillera-cobre-y-consolida-nuevo-avance-minero-en-atacama","status":"publish","type":"post","link":"https:\/\/www.radioamigavallenar.cl\/?p=97180","title":{"rendered":"Sernageomin aprueba proyecto Cordillera Cobre y consolida nuevo avance minero en Atacama"},"content":{"rendered":"<p>La Regi\u00f3n de Atacama incorpor\u00f3 un nuevo hito en su cartera de proyectos mineros luego de que el Servicio Nacional de Geolog\u00eda y Miner\u00eda aprobara el proyecto Cordillera Cobre, desarrollado por la empresa canadiense Super Copper. La resoluci\u00f3n autoriza un total de 26 concesiones mineras que abarcan 6.858 hect\u00e1reas, ubicadas al noreste de la ciudad de Copiap\u00f3, lo que representa un avance decisivo en la materializaci\u00f3n de la iniciativa.<\/p>\n<p>Seg\u00fan la informaci\u00f3n entregada por la compa\u00f1\u00eda, 25 de estas concesiones ya cuentan con t\u00edtulo judicial formal, mientras que otras 15 concesiones adicionales han publicado su extracto legal en el Diario Oficial de Miner\u00eda. Estas \u00faltimas se encuentran en proceso de inscripci\u00f3n ante el Registro Minero de Copiap\u00f3, tr\u00e1mite que permitir\u00e1 completar la constituci\u00f3n legal del proyecto como concesi\u00f3n de explotaci\u00f3n y otorgar derechos mineros permanentes.<\/p>\n<p>Desde Super Copper destacaron que esta aprobaci\u00f3n marca la transici\u00f3n desde una etapa exploratoria hacia un escenario de mayor certeza jur\u00eddica. El director ejecutivo de la empresa, Zachary Dolesky, se\u00f1al\u00f3 que la obtenci\u00f3n de concesiones de explotaci\u00f3n constituye un punto de inflexi\u00f3n para el proyecto, al habilitar plenamente el desarrollo minero del \u00e1rea y fortalecer su posici\u00f3n estrat\u00e9gica.<\/p>\n<div class=\"code-block code-block-5\">\n<div id=\"sas_99435\"><\/div>\n<\/div>\n<p>En el \u00e1mbito operativo, la autorizaci\u00f3n de Sernageomin permite avanzar en la definici\u00f3n del programa de perforaci\u00f3n, el cual ser\u00e1 presentado una vez concluidos los an\u00e1lisis de los trabajos de exploraci\u00f3n superficial m\u00e1s recientes. De acuerdo con lo informado, la empresa proyecta iniciar las perforaciones durante el primer trimestre del pr\u00f3ximo a\u00f1o, etapa clave para evaluar el potencial econ\u00f3mico del yacimiento.<\/p>\n<p>El desarrollo de Cordillera Cobre se enmarca en un contexto internacional caracterizado por un d\u00e9ficit estructural de cobre, asociado a la transici\u00f3n energ\u00e9tica, la electrificaci\u00f3n y el avance de nuevas tecnolog\u00edas. En este escenario, la Regi\u00f3n de Atacama busca reforzar su atractivo como destino de inversi\u00f3n minera, combinando su potencial geol\u00f3gico con avances regulatorios que entregan mayor certidumbre a los inversionistas.<\/p>\n<p>La aprobaci\u00f3n del proyecto reafirma el rol del Estado en la validaci\u00f3n t\u00e9cnica y legal de nuevas iniciativas extractivas y se suma a otros desarrollos que apuntan a dinamizar la actividad minera regional. De esta forma, Cordillera Cobre se perfila como una apuesta relevante dentro del portafolio cupr\u00edfero del norte del pa\u00eds, en una industria que contin\u00faa siendo un pilar del crecimiento econ\u00f3mico nacional.<\/p>\n","protected":false},"excerpt":{"rendered":"<p>La Regi\u00f3n de Atacama incorpor\u00f3 un nuevo hito en su cartera de proyectos mineros luego de que el Servicio Nacional de Geolog\u00eda y Miner\u00eda aprobara&hellip; <\/p>\n","protected":false},"author":7,"featured_media":97181,"comment_status":"closed","ping_status":"closed","sticky":false,"template":"","format":"standard","meta":{"footnotes":""},"categories":[7],"tags":[],"class_list":["post-97180","post","type-post","status-publish","format-standard","has-post-thumbnail","hentry","category-atacama"],"_links":{"self":[{"href":"https:\/\/www.radioamigavallenar.cl\/index.php?rest_route=\/wp\/v2\/posts\/97180","targetHints":{"allow":["GET"]}}],"collection":[{"href":"https:\/\/www.radioamigavallenar.cl\/index.php?rest_route=\/wp\/v2\/posts"}],"about":[{"href":"https:\/\/www.radioamigavallenar.cl\/index.php?rest_route=\/wp\/v2\/types\/post"}],"author":[{"embeddable":true,"href":"https:\/\/www.radioamigavallenar.cl\/index.php?rest_route=\/wp\/v2\/users\/7"}],"replies":[{"embeddable":true,"href":"https:\/\/www.radioamigavallenar.cl\/index.php?rest_route=%2Fwp%2Fv2%2Fcomments&post=97180"}],"version-history":[{"count":1,"href":"https:\/\/www.radioamigavallenar.cl\/index.php?rest_route=\/wp\/v2\/posts\/97180\/revisions"}],"predecessor-version":[{"id":97182,"href":"https:\/\/www.radioamigavallenar.cl\/index.php?rest_route=\/wp\/v2\/posts\/97180\/revisions\/97182"}],"wp:featuredmedia":[{"embeddable":true,"href":"https:\/\/www.radioamigavallenar.cl\/index.php?rest_route=\/wp\/v2\/media\/97181"}],"wp:attachment":[{"href":"https:\/\/www.radioamigavallenar.cl\/index.php?rest_route=%2Fwp%2Fv2%2Fmedia&parent=97180"}],"wp:term":[{"taxonomy":"category","embeddable":true,"href":"https:\/\/www.radioamigavallenar.cl\/index.php?rest_route=%2Fwp%2Fv2%2Fcategories&post=97180"},{"taxonomy":"post_tag","embeddable":true,"href":"https:\/\/www.radioamigavallenar.cl\/index.php?rest_route=%2Fwp%2Fv2%2Ftags&post=97180"}],"curies":[{"name":"wp","href":"https:\/\/api.w.org\/{rel}","templated":true}]}}