{"id":97177,"date":"2026-01-05T00:00:43","date_gmt":"2026-01-05T03:00:43","guid":{"rendered":"https:\/\/www.radioamigavallenar.cl\/?p=97177"},"modified":"2026-01-04T21:17:34","modified_gmt":"2026-01-05T00:17:34","slug":"caldera-abre-proceso-participativo-con-foco-territorial-y-comunitario-para-actualizar-su-plan-municipal-de-cultura","status":"publish","type":"post","link":"https:\/\/www.radioamigavallenar.cl\/?p=97177","title":{"rendered":"Caldera abre proceso participativo con foco territorial y comunitario para actualizar su Plan Municipal de Cultura"},"content":{"rendered":"<p>Encuentros abiertos en barrios, localidades y sectores productivos de la comuna se realizar\u00e1n durante el mes de enero, integrando a organizaciones sociales, agentes culturales, pueblos originarios, pesca artesanal y comunidad en general.<\/p>\n<p>&nbsp;<\/p>\n<p>La Municipalidad de Caldera, en conjunto con la Seremi de las Culturas, las Artes y el Patrimonio, a trav\u00e9s del Programa Red Cultura, dan inicio al proceso participativo de actualizaci\u00f3n del Plan Municipal de Cultura (PMC) de Caldera 2025\u20132029, instrumento estrat\u00e9gico que orientar\u00e1 el desarrollo cultural de la comuna en los pr\u00f3ximos a\u00f1os desde una mirada territorial, inclusiva y descentralizada.<\/p>\n<p>&nbsp;<\/p>\n<p>El Plan Municipal de Cultura es una herramienta fundamental de planificaci\u00f3n local que permite definir prioridades, lineamientos y acciones para fortalecer el acceso a la cultura, la participaci\u00f3n ciudadana, la creaci\u00f3n art\u00edstica, la protecci\u00f3n del patrimonio y el desarrollo cultural comunitario, en coherencia con las pol\u00edticas p\u00fablicas culturales y la identidad del territorio. En este contexto, su actualizaci\u00f3n busca responder a los cambios sociales, culturales y territoriales de Caldera, incorporando activamente las voces de sus comunidades y organizaciones.<\/p>\n<p>&nbsp;<\/p>\n<p style=\"text-align: center;\"><strong>FECHAS ENCUENTROS<\/strong><\/p>\n<p>&nbsp;<\/p>\n<p>El proceso participativo se desarrollar\u00e1 durante el mes de enero mediante una nutrida agenda de encuentros en distintos sectores de la comuna. Las instancias comenzar\u00e1n el lunes 5 de enero en el sector Barranquilla, entre las 16:00 y las 19:00 horas, en la sede social ubicada en Avenida La Virgen s\/n. Continuar\u00e1n el martes 6 de enero en Puerto Viejo, entre las 17:00 y las 20:00 horas, en la sede social del Sindicato N\u00b02 George Rodhis. El mi\u00e9rcoles 7 de enero se realizar\u00e1n dos encuentros en Nueva Caldera, uno durante la ma\u00f1ana, entre las 10:00 y las 14:00 horas en la sede social Diaguita, dirigido especialmente a pueblos originarios, y otro por la tarde entre las 18:00 y las 20:00 horas, en la sede social Montevideo s\/n.<\/p>\n<p>&nbsp;<\/p>\n<p>Las jornadas participativas seguir\u00e1n el jueves 8 de enero en el sector urbano de Caldera, entre las 19:00 y las 20:30 horas en la Biblioteca P\u00fablica de la comuna. El viernes 9 de enero se llevar\u00e1 a cabo un encuentro con juntas de vecinos del borde costero, incluyendo Loreto, Bah\u00eda Calderilla y El Morro, entre las 18:00 y las 20:00 horas en la Casa de la Cultura. El s\u00e1bado 10 de enero, en el mismo espacio, se desarrollar\u00e1 una jornada centrada en la identidad del borde costero, pesca y oficios, entre las 16:00 y las 19:00 horas. Finalmente, el domingo 11 de enero, entre las 11:00 y las 13:00<\/p>\n<p>horas, se realizar\u00e1 el encuentro territorial que reunir\u00e1 a las comunidades del Pulpo, Pulpito, Caleta Obispito, Rodillo y Ramada, en la sede social de Pulpito, ubicada en calle 17 del sitio 37.<\/p>\n<p>&nbsp;<\/p>\n<p>El proceso se complementa con nuevas instancias participativas en Caldera, programadas para el lunes 12 de enero, entre las 10:00 y las 13:00 horas en la Casa de la Juventud, y entre las 17:00 y las 20:00 horas en la sede social UCAM, adem\u00e1s de una jornada el martes 13 de enero, entre las 15:00 y las 17:00 horas, en la Oficina de Ciencias (ex MOE), ampliando as\u00ed las oportunidades de participaci\u00f3n para la comunidad.<\/p>\n<p>&nbsp;<\/p>\n<p>La alcaldesa de Caldera, Brunilda Gonz\u00e1lez \u00c1njel, valor\u00f3 el inicio de este proceso participativo, destacando que \u201cactualizar nuestro Plan Municipal de Cultura es fundamental para proyectar el desarrollo cultural de Caldera con una mirada estrat\u00e9gica y participativa. Este instrumento nos permite ordenar prioridades, reconocer la diversidad cultural de nuestros territorios y fortalecer el trabajo que realizan artistas, organizaciones y comunidades. Queremos que la cultura siga siendo un eje de desarrollo local, construida junto a la ciudadan\u00eda y con identidad calderina\u201d.<\/p>\n<p>&nbsp;<\/p>\n<p>Desde el Ministerio de las Culturas, las Artes y el Patrimonio, la Seremi (s) Paulina Palavecino L\u00f3pez destac\u00f3 la relevancia del proceso, enfatizando el rol del PMC como pol\u00edtica cultural local, se\u00f1alando que \u201cel Plan Municipal de Cultura es una herramienta fundamental para fortalecer la gesti\u00f3n cultural a nivel local, porque permite planificar con sentido territorial, participaci\u00f3n ciudadana y coherencia con las pol\u00edticas p\u00fablicas culturales. En Caldera, este proceso se est\u00e1 desarrollando de manera ejemplar, con presencia en los barrios, en el borde costero y con actores diversos del ecosistema cultural. Como Ministerio, a trav\u00e9s del programa Red Cultura, acompa\u00f1amos estos procesos porque creemos que la cultura se construye desde los territorios y con la comunidad como protagonista\u201d.<\/p>\n<p>&nbsp;<\/p>\n<p>La actualizaci\u00f3n del Plan Municipal de Cultura de Caldera se enmarca en la estrategia nacional de fortalecimiento de la gesti\u00f3n cultural local impulsada por el Programa Red Cultura, que promueve municipios con planificaci\u00f3n cultural participativa, gobernanza colaborativa y enfoque territorial. El proceso continuar\u00e1 durante los pr\u00f3ximos meses con la sistematizaci\u00f3n de los aportes recogidos, el an\u00e1lisis t\u00e9cnico y la elaboraci\u00f3n del documento final, que se transformar\u00e1 en la hoja de ruta cultural de la comuna, orientando programas, proyectos y decisiones en materia cultural.<\/p>\n<p>&nbsp;<\/p>\n<p>La invitaci\u00f3n se mantiene abierta a todas y todos quienes deseen ser parte de este proceso, contribuyendo a la construcci\u00f3n colectiva del futuro cultural de Caldera.<\/p>\n","protected":false},"excerpt":{"rendered":"<p>Encuentros abiertos en barrios, localidades y sectores productivos de la comuna se realizar\u00e1n durante el mes de enero, integrando a organizaciones sociales, agentes culturales, pueblos&hellip; <\/p>\n","protected":false},"author":7,"featured_media":97178,"comment_status":"closed","ping_status":"closed","sticky":false,"template":"","format":"standard","meta":{"footnotes":""},"categories":[38],"tags":[],"class_list":["post-97177","post","type-post","status-publish","format-standard","has-post-thumbnail","hentry","category-portada-regional"],"_links":{"self":[{"href":"https:\/\/www.radioamigavallenar.cl\/index.php?rest_route=\/wp\/v2\/posts\/97177","targetHints":{"allow":["GET"]}}],"collection":[{"href":"https:\/\/www.radioamigavallenar.cl\/index.php?rest_route=\/wp\/v2\/posts"}],"about":[{"href":"https:\/\/www.radioamigavallenar.cl\/index.php?rest_route=\/wp\/v2\/types\/post"}],"author":[{"embeddable":true,"href":"https:\/\/www.radioamigavallenar.cl\/index.php?rest_route=\/wp\/v2\/users\/7"}],"replies":[{"embeddable":true,"href":"https:\/\/www.radioamigavallenar.cl\/index.php?rest_route=%2Fwp%2Fv2%2Fcomments&post=97177"}],"version-history":[{"count":1,"href":"https:\/\/www.radioamigavallenar.cl\/index.php?rest_route=\/wp\/v2\/posts\/97177\/revisions"}],"predecessor-version":[{"id":97179,"href":"https:\/\/www.radioamigavallenar.cl\/index.php?rest_route=\/wp\/v2\/posts\/97177\/revisions\/97179"}],"wp:featuredmedia":[{"embeddable":true,"href":"https:\/\/www.radioamigavallenar.cl\/index.php?rest_route=\/wp\/v2\/media\/97178"}],"wp:attachment":[{"href":"https:\/\/www.radioamigavallenar.cl\/index.php?rest_route=%2Fwp%2Fv2%2Fmedia&parent=97177"}],"wp:term":[{"taxonomy":"category","embeddable":true,"href":"https:\/\/www.radioamigavallenar.cl\/index.php?rest_route=%2Fwp%2Fv2%2Fcategories&post=97177"},{"taxonomy":"post_tag","embeddable":true,"href":"https:\/\/www.radioamigavallenar.cl\/index.php?rest_route=%2Fwp%2Fv2%2Ftags&post=97177"}],"curies":[{"name":"wp","href":"https:\/\/api.w.org\/{rel}","templated":true}]}}