{"id":97170,"date":"2026-01-05T00:00:08","date_gmt":"2026-01-05T03:00:08","guid":{"rendered":"https:\/\/www.radioamigavallenar.cl\/?p=97170"},"modified":"2026-01-04T21:13:56","modified_gmt":"2026-01-05T00:13:56","slug":"ondos-de-cultura-2026-impulsan-la-formacion-artistica-y-festivales-abiertos-a-la-comunidad-en-atacama","status":"publish","type":"post","link":"https:\/\/www.radioamigavallenar.cl\/?p=97170","title":{"rendered":"Fondos de Cultura 2026 impulsan la formaci\u00f3n art\u00edstica y festivales abiertos a la comunidad en Atacama"},"content":{"rendered":"<p>El Ministerio de las Culturas, las Artes y el Patrimonio dio a conocer los primeros resultados de los Fondos de Cultura 2026 correspondientes a las modalidades Beca Chile Crea y Organizaci\u00f3n de Ferias, Muestras y Encuentros, l\u00edneas que buscan fortalecer el desarrollo art\u00edstico y cultural a trav\u00e9s del perfeccionamiento profesional y el acceso gratuito de la comunidad a una programaci\u00f3n diversa y de calidad.<\/p>\n<p>&nbsp;<\/p>\n<p>En la modalidad Organizaci\u00f3n de Ferias, Muestras y Encuentros, financiada a trav\u00e9s del Fondart Nacional y el Fondo de la M\u00fasica, en Atacama se adjudicaron iniciativas que impulsan una activa agenda cultural y patrimonial en distintos territorios de la regi\u00f3n. Entre ellas se encuentra la Feria de Arte y Artesan\u00eda \u201cFeriarte\u201d, de Tierra Amarilla, ejecutada por el Grupo Atenas, y la 15\u00aa Feria Nacional de Artesan\u00eda de Bah\u00eda Inglesa, desarrollada en la comuna de Caldera por la Agrupaci\u00f3n Artesanal y Cultural Nuevo Horizonte de Bah\u00eda Inglesa, instancia de larga trayectoria que promueve el trabajo artesanal y la identidad local.<\/p>\n<p>&nbsp;<\/p>\n<p>En el \u00e1mbito musical, destaca la adjudicaci\u00f3n del XVI Festival Guitarras al Puerto, impulsado por la Agrupaci\u00f3n Cultural Guitarras al Puerto en Caldera, iniciativa que se ha consolidado como uno de los festivales m\u00e1s reconocidos de la regi\u00f3n, acercando la m\u00fasica en vivo a la comunidad de manera gratuita. A ello se suma el proyecto \u201cSonidos de Atacama: el Festival de nuestra M\u00fasica Regional\u201d, liderado en Copiap\u00f3 por Claudio Rodrigo Moreno Carre\u00f1o, que pone en valor la creaci\u00f3n musical local y su difusi\u00f3n territorial.<\/p>\n<p>&nbsp;<\/p>\n<p style=\"text-align: center;\"><strong>BECAS CHILE CREA<\/strong><\/p>\n<p>&nbsp;<\/p>\n<p>Por otra parte, la modalidad Beca Chile Crea permiti\u00f3 adjudicar importantes apoyos para la especializaci\u00f3n y perfeccionamiento de creadoras y creadores de la regi\u00f3n en disciplinas como el audiovisual, las artes visuales, la m\u00fasica, las artes esc\u00e9nicas, la ilustraci\u00f3n, la gesti\u00f3n cultural y la escritura. Entre las personas seleccionadas se encuentran Mauricio Alexis Galleguillos Tabilo y Javiera Alejandra Leal Monje, quienes realizar\u00e1n estudios de postgrado y formaci\u00f3n avanzada en el \u00e1rea audiovisual en instituciones de prestigio internacional; Antonella Yasel Zamora Delaigue, beneficiada con una beca del Fondo del Libro y la Lectura para formaci\u00f3n en escritura creativa; y Allison Mart\u00ednez P\u00e9rez, Manuel Antonio M\u00e9ndez Mart\u00ednez y Luc\u00eda Florencia Valenzuela Chacaltana, quienes desarrollar\u00e1n estudios vinculados a la gesti\u00f3n cultural, ilustraci\u00f3n y artes visuales con enfoque territorial.<\/p>\n<p>En el \u00e1mbito musical y esc\u00e9nico, fueron seleccionados Luis Mauricio Balc\u00e1zar Opazo, para perfeccionamiento en repertorio sinf\u00f3nico y contempor\u00e1neo; Ximena Amparo Ca\u00f1as Abel y Dyana<\/p>\n<p>Paula Espinoza Mart\u00ednez, quienes fortalecer\u00e1n su formaci\u00f3n en artes esc\u00e9nicas e intervenci\u00f3n en el espacio p\u00fablico, aportando posteriormente a la creaci\u00f3n y circulaci\u00f3n art\u00edstica en la regi\u00f3n.<\/p>\n<p>&nbsp;<\/p>\n<p>Estos resultados reflejan el doble impacto de los Fondos de Cultura, al promover tanto el crecimiento profesional de artistas y agentes culturales mediante becas de especializaci\u00f3n, como el acceso equitativo de la ciudadan\u00eda a festivales, ferias y encuentros culturales de car\u00e1cter gratuito y con fuerte identidad territorial.<\/p>\n<p>&nbsp;<\/p>\n<p>Desde el Ministerio de las Culturas, las Artes y el Patrimonio se inform\u00f3 que durante el presente mes se continuar\u00e1n dando a conocer los resultados de las restantes l\u00edneas y modalidades de los Fondos de Cultura 2026. Las personas interesadas pueden revisar la informaci\u00f3n actualizada y los listados oficiales de seleccionados y seleccionadas en el sitio web www.fondosdecultura.cl<\/p>\n","protected":false},"excerpt":{"rendered":"<p>El Ministerio de las Culturas, las Artes y el Patrimonio dio a conocer los primeros resultados de los Fondos de Cultura 2026 correspondientes a las&hellip; <\/p>\n","protected":false},"author":7,"featured_media":97171,"comment_status":"closed","ping_status":"closed","sticky":false,"template":"","format":"standard","meta":{"footnotes":""},"categories":[7],"tags":[],"class_list":["post-97170","post","type-post","status-publish","format-standard","has-post-thumbnail","hentry","category-atacama"],"_links":{"self":[{"href":"https:\/\/www.radioamigavallenar.cl\/index.php?rest_route=\/wp\/v2\/posts\/97170","targetHints":{"allow":["GET"]}}],"collection":[{"href":"https:\/\/www.radioamigavallenar.cl\/index.php?rest_route=\/wp\/v2\/posts"}],"about":[{"href":"https:\/\/www.radioamigavallenar.cl\/index.php?rest_route=\/wp\/v2\/types\/post"}],"author":[{"embeddable":true,"href":"https:\/\/www.radioamigavallenar.cl\/index.php?rest_route=\/wp\/v2\/users\/7"}],"replies":[{"embeddable":true,"href":"https:\/\/www.radioamigavallenar.cl\/index.php?rest_route=%2Fwp%2Fv2%2Fcomments&post=97170"}],"version-history":[{"count":2,"href":"https:\/\/www.radioamigavallenar.cl\/index.php?rest_route=\/wp\/v2\/posts\/97170\/revisions"}],"predecessor-version":[{"id":97173,"href":"https:\/\/www.radioamigavallenar.cl\/index.php?rest_route=\/wp\/v2\/posts\/97170\/revisions\/97173"}],"wp:featuredmedia":[{"embeddable":true,"href":"https:\/\/www.radioamigavallenar.cl\/index.php?rest_route=\/wp\/v2\/media\/97171"}],"wp:attachment":[{"href":"https:\/\/www.radioamigavallenar.cl\/index.php?rest_route=%2Fwp%2Fv2%2Fmedia&parent=97170"}],"wp:term":[{"taxonomy":"category","embeddable":true,"href":"https:\/\/www.radioamigavallenar.cl\/index.php?rest_route=%2Fwp%2Fv2%2Fcategories&post=97170"},{"taxonomy":"post_tag","embeddable":true,"href":"https:\/\/www.radioamigavallenar.cl\/index.php?rest_route=%2Fwp%2Fv2%2Ftags&post=97170"}],"curies":[{"name":"wp","href":"https:\/\/api.w.org\/{rel}","templated":true}]}}