{"id":97167,"date":"2026-01-05T00:00:12","date_gmt":"2026-01-05T03:00:12","guid":{"rendered":"https:\/\/www.radioamigavallenar.cl\/?p=97167"},"modified":"2026-01-04T21:12:03","modified_gmt":"2026-01-05T00:12:03","slug":"con-exito-y-nuevos-conocimientos-15-parvulos-egresaron-del-jardin-semillitas-de-plata-en-copiapo","status":"publish","type":"post","link":"https:\/\/www.radioamigavallenar.cl\/?p=97167","title":{"rendered":"Con \u00e9xito y nuevos conocimientos 15 p\u00e1rvulos egresaron del jard\u00edn Semillitas de Plata en Copiap\u00f3"},"content":{"rendered":"<p>\u201cNos vamos, pero dejamos huellas. Siembra tus sue\u00f1os y d\u00e9jalos caer\u201d. Con este eslogan y con la presencia de un destacado artista regional; la primera directora -en la historia- del establecimiento educacional; m\u00e1s de 100 invitados e invitadas; la participaci\u00f3n de profesionales de la educaci\u00f3n y funcionarias del SLEP Atacama; padres, madres y apoderados, se desarroll\u00f3 la solemne y tradicional ceremonia.<\/p>\n<p>Orgullo, felicidad y nostalgia, fue la expresi\u00f3n en el rostro de los equipos docentes, las y los padres, madres y apoderados, al presenciar el egreso y despedida de la generaci\u00f3n (2025), particularmente del Nivel Medio Mixto, del emblem\u00e1tico y destacado jard\u00edn infantil Semillitas de Plata de la comuna de Copiap\u00f3.<\/p>\n<p>La conducci\u00f3n del esperado evento estuvo a cargo de Yenny Rocha Guerra, destacada profesional de la educaci\u00f3n p\u00fablica regional e inici\u00f3 con el show del carism\u00e1tico y reconocido Mago Acertijo, quien sorprendi\u00f3 a las y los p\u00e1rvulos con sorpresas y un especial espect\u00e1culo.<\/p>\n<p>M\u00e1s tarde, hubo espacio para los saludos protocolares, a cargo de la directora del establecimiento educacional, Mariela Cort\u00e9s Morales; representantes del Servicio Local de Educaci\u00f3n P\u00fablica de Atacama y de las y los apoderados del jard\u00edn infantil.<\/p>\n<p>\u201cEn t\u00e9rminos pedag\u00f3gicos, el 2025, fue un a\u00f1o productivo, eficiente y donde se cumplieron todas las metas. Las y los ni\u00f1os adquirieron nuevos conocimientos, fortalecieron su comunicaci\u00f3n, mejoraron sus sistemas motrices y se adaptaron de manera \u00f3ptima al sistema educacional. Yo quiero valorar y agradecer a las t\u00edas Graciela G\u00f3mez, Caterine Cort\u00e9s y Karent Francke, por cierto, a la t\u00eda Karina maza bordones, auxiliar de servicios menores y a la t\u00eda Margarita Aguirre Barrionuevo, manipuladora de alimentos, porque su contribuci\u00f3n ha hecho posible, en equipo, poder sacar adelante la tarea\u201d, enfatiz\u00f3 Mariela Morales.<\/p>\n<p>La directora del jard\u00edn infantil Semillitas de Plata, adem\u00e1s, agreg\u00f3 que, \u201cla educaci\u00f3n parvularia es fundamental y trascendental en la vida de las y los estudiantes de la regi\u00f3n. All\u00ed se forjan las primeras interacciones sociales de las y los ni\u00f1os, por lo tanto, resulta muy importante educarlos de la mejor manera posible. Siento que hemos contribuido a su desarrollo integral, a su bienestar emocional, a su autonom\u00eda y formaci\u00f3n val\u00f3rica a trav\u00e9s de interacciones significativas, juegos, metodolog\u00edas y experiencias de aprendizajes, en un ambiente propicio, lleno de amor y seguro para ellos y ellas. Hacemos un llamado a sus padres, madres y apoderados para que refuercen los conocimientos adquiridos. Son 15 p\u00e1rvulos egresados y 14 que continuar\u00e1n en el Nivel Medio Mixto. Estoy feliz y agradecida, porque hemos logrado con creces, lo objetivos que se enmarcan en el Plan Estrat\u00e9gico Nacional de Educaci\u00f3n P\u00fablica (ENEP)\u201d.<\/p>\n<p>En total, fueron 15 las y los p\u00e1rvulos quienes egresaron del Nivel Medio Mixto y por sus logros, recibieron un certificado y reconocimiento especial. Cabe relevar<\/p>\n<p>adem\u00e1s, que, estuvo presente Aida Valenzuela Flores, la primera directora, en la historia del jard\u00edn infantil Semillitas de Plata, quien por cierto, fue reconocida.<\/p>\n<p>Por su parte, la directiva del centro de padres, madres y apoderados del establecimiento educacional, integrado por Mar\u00eda Jos\u00e9 \u00c1valos, presidenta; Andrea Godoy Irarr\u00e1zabal, secretaria y Blanca Arriagada, tesorera, expresaron que, \u201cs\u00f3lo tenemos palabras de agradecimiento para las t\u00edas del jard\u00edn. No s\u00f3lo entregaron conocimientos y nuevos aprendizajes a nuestros ni\u00f1os y ni\u00f1as, sino que tambi\u00e9n, promovieron principios y valores, adem\u00e1s de cari\u00f1o y amor. Todas tienen vocaci\u00f3n de servicio p\u00fablico y eso es fundamental. Fue una ceremonia de egreso, cargada de emociones, nostalgia y satisfacci\u00f3n\u201d.<\/p>\n<p>La actividad culmin\u00f3 con un reconocimiento especial a las docentes y asistentes de la educaci\u00f3n del jard\u00edn infantil, quienes, emocionadas, expresaron su gratitud y satisfacci\u00f3n con el deber cumplido.<\/p>\n","protected":false},"excerpt":{"rendered":"<p>\u201cNos vamos, pero dejamos huellas. Siembra tus sue\u00f1os y d\u00e9jalos caer\u201d. Con este eslogan y con la presencia de un destacado artista regional; la primera&hellip; <\/p>\n","protected":false},"author":7,"featured_media":97168,"comment_status":"closed","ping_status":"closed","sticky":false,"template":"","format":"standard","meta":{"footnotes":""},"categories":[38],"tags":[],"class_list":["post-97167","post","type-post","status-publish","format-standard","has-post-thumbnail","hentry","category-portada-regional"],"_links":{"self":[{"href":"https:\/\/www.radioamigavallenar.cl\/index.php?rest_route=\/wp\/v2\/posts\/97167","targetHints":{"allow":["GET"]}}],"collection":[{"href":"https:\/\/www.radioamigavallenar.cl\/index.php?rest_route=\/wp\/v2\/posts"}],"about":[{"href":"https:\/\/www.radioamigavallenar.cl\/index.php?rest_route=\/wp\/v2\/types\/post"}],"author":[{"embeddable":true,"href":"https:\/\/www.radioamigavallenar.cl\/index.php?rest_route=\/wp\/v2\/users\/7"}],"replies":[{"embeddable":true,"href":"https:\/\/www.radioamigavallenar.cl\/index.php?rest_route=%2Fwp%2Fv2%2Fcomments&post=97167"}],"version-history":[{"count":1,"href":"https:\/\/www.radioamigavallenar.cl\/index.php?rest_route=\/wp\/v2\/posts\/97167\/revisions"}],"predecessor-version":[{"id":97169,"href":"https:\/\/www.radioamigavallenar.cl\/index.php?rest_route=\/wp\/v2\/posts\/97167\/revisions\/97169"}],"wp:featuredmedia":[{"embeddable":true,"href":"https:\/\/www.radioamigavallenar.cl\/index.php?rest_route=\/wp\/v2\/media\/97168"}],"wp:attachment":[{"href":"https:\/\/www.radioamigavallenar.cl\/index.php?rest_route=%2Fwp%2Fv2%2Fmedia&parent=97167"}],"wp:term":[{"taxonomy":"category","embeddable":true,"href":"https:\/\/www.radioamigavallenar.cl\/index.php?rest_route=%2Fwp%2Fv2%2Fcategories&post=97167"},{"taxonomy":"post_tag","embeddable":true,"href":"https:\/\/www.radioamigavallenar.cl\/index.php?rest_route=%2Fwp%2Fv2%2Ftags&post=97167"}],"curies":[{"name":"wp","href":"https:\/\/api.w.org\/{rel}","templated":true}]}}