{"id":96413,"date":"2025-12-06T00:01:36","date_gmt":"2025-12-06T03:01:36","guid":{"rendered":"https:\/\/www.radioamigavallenar.cl\/?p=96413"},"modified":"2025-12-05T21:43:10","modified_gmt":"2025-12-06T00:43:10","slug":"carta-corte-de-agua-sector-centro-vallenar","status":"publish","type":"post","link":"https:\/\/www.radioamigavallenar.cl\/?p=96413","title":{"rendered":"Carta corte de agua sector centro Vallenar"},"content":{"rendered":"<p>Ya el 22 de agosto de 2024 la empresa Nueva Atacama con la autorizaci\u00f3n de nuestras autoridades, corto el agua en el sector c\u00e9ntrico en un d\u00eda h\u00e1bil , hoy nuevamente esta situaci\u00f3n se repite<\/p>\n<p>Vemos con preocupaci\u00f3n c\u00f3mo las autoridades pertinentes permiten a las empresas concesionarias hacer los cortes necesarios para la mantenci\u00f3n de sus redes y as\u00ed poder dar un mejor servicio a sus clientes, en d\u00edas h\u00e1biles, por lo cual afectan a la ciudad en su funcionamiento.<\/p>\n<p>Como comercio nos vimos afectados directamente teniendo que cerrar locales que no tienen estanque de reserva, los que contamos con estanques fuimos fiscalizados por la autoridad y midieron la cantidad de cloro, no s\u00e9 si la autoridad tiene esta misma preocupaci\u00f3n por fiscalizar el comercio ilegal que se emplaza en nuestra ciudad, venta de comida y distintos art\u00edculos en la calle a vista y paciencia de todos.<\/p>\n<p>Pero si es estricta con el comercio que paga patente, da trabajo y est\u00e1 legalmente establecido ellos si tienen que cumplir aun que el corte en un d\u00eda h\u00e1bil sea responsabilidad de la autoridad que da los permisos respectivos.<\/p>\n<p>El agua de nuestros estanques proviene de la red de aguas cha\u00f1ar y est\u00e1 en constante movimiento luego si no cumple con el nivel de cloro es responsabilidad de aguas cha\u00f1ar.<\/p>\n<p>Creemos que todo comercio excepto quien expenda comida, deber\u00eda poder funcionar tomando medidas como la acumulaci\u00f3n de agua en los ba\u00f1os que permita evacuar los mismos y mantener agua para beber y lavado de manos, no es necesario cerrar.<\/p>\n<p>Nuevamente hacemos el llamado a la autoridad que corresponda que no tenga este doble est\u00e1ndar, en sus fiscalizaciones si un local no puede funcionar por no contar con agua, empiece por erradicar todo el comercio ilegal que no tiene agua ni ba\u00f1o.<\/p>\n<p>Como indicamos sabemos que estos cortes son necesarios , pero no podr\u00edan hacerse un d\u00eda domingo en el cual la afectaci\u00f3n al comercio y servicios es menor. No parece l\u00f3gico que por ahorrar un costo a la concesionaria se traspase este a la ciudad en su conjunto.<\/p>\n<p>&nbsp;<\/p>\n<p style=\"text-align: center;\"><strong>GUSTAVO LONZA MARIO<\/strong><\/p>\n","protected":false},"excerpt":{"rendered":"<p>Ya el 22 de agosto de 2024 la empresa Nueva Atacama con la autorizaci\u00f3n de nuestras autoridades, corto el agua en el sector c\u00e9ntrico en&hellip; <\/p>\n","protected":false},"author":7,"featured_media":84795,"comment_status":"closed","ping_status":"closed","sticky":false,"template":"","format":"standard","meta":{"footnotes":""},"categories":[7],"tags":[],"class_list":["post-96413","post","type-post","status-publish","format-standard","has-post-thumbnail","hentry","category-atacama"],"_links":{"self":[{"href":"https:\/\/www.radioamigavallenar.cl\/index.php?rest_route=\/wp\/v2\/posts\/96413","targetHints":{"allow":["GET"]}}],"collection":[{"href":"https:\/\/www.radioamigavallenar.cl\/index.php?rest_route=\/wp\/v2\/posts"}],"about":[{"href":"https:\/\/www.radioamigavallenar.cl\/index.php?rest_route=\/wp\/v2\/types\/post"}],"author":[{"embeddable":true,"href":"https:\/\/www.radioamigavallenar.cl\/index.php?rest_route=\/wp\/v2\/users\/7"}],"replies":[{"embeddable":true,"href":"https:\/\/www.radioamigavallenar.cl\/index.php?rest_route=%2Fwp%2Fv2%2Fcomments&post=96413"}],"version-history":[{"count":1,"href":"https:\/\/www.radioamigavallenar.cl\/index.php?rest_route=\/wp\/v2\/posts\/96413\/revisions"}],"predecessor-version":[{"id":96414,"href":"https:\/\/www.radioamigavallenar.cl\/index.php?rest_route=\/wp\/v2\/posts\/96413\/revisions\/96414"}],"wp:featuredmedia":[{"embeddable":true,"href":"https:\/\/www.radioamigavallenar.cl\/index.php?rest_route=\/wp\/v2\/media\/84795"}],"wp:attachment":[{"href":"https:\/\/www.radioamigavallenar.cl\/index.php?rest_route=%2Fwp%2Fv2%2Fmedia&parent=96413"}],"wp:term":[{"taxonomy":"category","embeddable":true,"href":"https:\/\/www.radioamigavallenar.cl\/index.php?rest_route=%2Fwp%2Fv2%2Fcategories&post=96413"},{"taxonomy":"post_tag","embeddable":true,"href":"https:\/\/www.radioamigavallenar.cl\/index.php?rest_route=%2Fwp%2Fv2%2Ftags&post=96413"}],"curies":[{"name":"wp","href":"https:\/\/api.w.org\/{rel}","templated":true}]}}