{"id":96149,"date":"2025-11-28T12:57:06","date_gmt":"2025-11-28T15:57:06","guid":{"rendered":"https:\/\/www.radioamigavallenar.cl\/?p=96149"},"modified":"2025-11-28T12:57:43","modified_gmt":"2025-11-28T15:57:43","slug":"carnaval-andino-espiritus-del-desierto-inundara-de-musica-y-color-las-calles-de-vallenar","status":"publish","type":"post","link":"https:\/\/www.radioamigavallenar.cl\/?p=96149","title":{"rendered":"Carnaval Andino \u201cEsp\u00edritus del Desierto\u201d inundar\u00e1 de m\u00fasica y color las calles de Vallenar"},"content":{"rendered":"<p data-start=\"371\" data-end=\"648\"><strong data-start=\"371\" data-end=\"648\">La Escuela de Cultura y Difusi\u00f3n Art\u00edstica Jos\u00e9 Carocca Laflor realizar\u00e1 su tradicional pasacalle y gala art\u00edstica, actividades financiadas por el Gobierno Regional de Atacama 2025 y aprobadas por el Consejo Regional para fortalecer el acceso a la cultura en el territorio.<\/strong><\/p>\n<p data-start=\"650\" data-end=\"994\">El Carnaval Andino \u201cEsp\u00edritus del Desierto\u201d regresar\u00e1 este diciembre como una de las expresiones art\u00edsticas m\u00e1s importantes de Vallenar. La Escuela de Cultura y Difusi\u00f3n Art\u00edstica Jos\u00e9 Carocca Laflor confirm\u00f3 dos jornadas abiertas a toda la comunidad, que buscan poner en valor la identidad andina, el arte escolar y la participaci\u00f3n ciudadana.<\/p>\n<p data-start=\"996\" data-end=\"1418\">El primer hito ser\u00e1 el pasacalle del 9 de diciembre, desde las 19:00 horas, que recorrer\u00e1 las principales calles de Vallenar. Participar\u00e1n estudiantes desde NT1 a octavo b\u00e1sico, docentes, asistentes de la educaci\u00f3n, directivos y apoderados, acompa\u00f1ados por la banda de bronces Akaru, Nueva Generaci\u00f3n y la agrupaci\u00f3n Ubuntu Afro, en un despliegue que busca invitar a la ciudadan\u00eda a sumarse a la gran gala.<\/p>\n<p data-start=\"1420\" data-end=\"2084\">En su mensaje a la comunidad, dos representantes estudiantiles transmitieron la invitaci\u00f3n oficial \u201cHola, soy Miguel Bravo. Y yo, Ana Veira. Y somos parte de la Escuela Jos\u00e9 Caro Calaflor. Los queremos dejar cordialmente invitados a nuestro pasacalle el d\u00eda 9 de diciembre a las 19 horas por las calles de nuestro querido Vallenar. Y a nuestra gala, Carnaval Andino Esp\u00edritus del Desierto, que se realizar\u00e1 en el Estadio Municipal Nelson Rojas el 11 de diciembre a las 20 horas. Agradecemos de antemano su presencia. Y los invitamos a disfrutar de esta especial velada preparada por nuestros estudiantes con mucho cari\u00f1o para todos ustedes. \u00a1Los esperamos!\u201d<\/p>\n<audio class=\"wp-audio-shortcode\" id=\"audio-96149-1\" preload=\"none\" style=\"width: 100%;\" controls=\"controls\"><source type=\"audio\/mpeg\" src=\"https:\/\/www.radioamigavallenar.cl\/wp-content\/uploads\/2025\/11\/WhatsApp-Audio-2025-11-27-at-14.52.08-_1_.mp3?_=1\" \/><a href=\"https:\/\/www.radioamigavallenar.cl\/wp-content\/uploads\/2025\/11\/WhatsApp-Audio-2025-11-27-at-14.52.08-_1_.mp3\">https:\/\/www.radioamigavallenar.cl\/wp-content\/uploads\/2025\/11\/WhatsApp-Audio-2025-11-27-at-14.52.08-_1_.mp3<\/a><\/audio>\n<p data-start=\"2086\" data-end=\"2491\">El segundo momento ser\u00e1 la gala art\u00edstica del 11 de diciembre, a las 20:00 horas, en el Estadio Municipal Nelson Rojas. El espect\u00e1culo combinar\u00e1 ritmos, danzas y expresiones tradicionales del altiplano, con la participaci\u00f3n especial del grupo Lican Antay, de La Serena, que presentar\u00e1 caporales, tinkus, tobas, llameradas, diablada, morenada y otros cuadros representativos del folclor andino.<\/p>\n","protected":false},"excerpt":{"rendered":"<p>La Escuela de Cultura y Difusi\u00f3n Art\u00edstica Jos\u00e9 Carocca Laflor realizar\u00e1 su tradicional pasacalle y gala art\u00edstica, actividades financiadas por el Gobierno Regional de Atacama&hellip; <\/p>\n","protected":false},"author":6,"featured_media":96151,"comment_status":"closed","ping_status":"closed","sticky":false,"template":"","format":"standard","meta":{"footnotes":""},"categories":[38],"tags":[],"class_list":["post-96149","post","type-post","status-publish","format-standard","has-post-thumbnail","hentry","category-portada-regional"],"_links":{"self":[{"href":"https:\/\/www.radioamigavallenar.cl\/index.php?rest_route=\/wp\/v2\/posts\/96149","targetHints":{"allow":["GET"]}}],"collection":[{"href":"https:\/\/www.radioamigavallenar.cl\/index.php?rest_route=\/wp\/v2\/posts"}],"about":[{"href":"https:\/\/www.radioamigavallenar.cl\/index.php?rest_route=\/wp\/v2\/types\/post"}],"author":[{"embeddable":true,"href":"https:\/\/www.radioamigavallenar.cl\/index.php?rest_route=\/wp\/v2\/users\/6"}],"replies":[{"embeddable":true,"href":"https:\/\/www.radioamigavallenar.cl\/index.php?rest_route=%2Fwp%2Fv2%2Fcomments&post=96149"}],"version-history":[{"count":1,"href":"https:\/\/www.radioamigavallenar.cl\/index.php?rest_route=\/wp\/v2\/posts\/96149\/revisions"}],"predecessor-version":[{"id":96152,"href":"https:\/\/www.radioamigavallenar.cl\/index.php?rest_route=\/wp\/v2\/posts\/96149\/revisions\/96152"}],"wp:featuredmedia":[{"embeddable":true,"href":"https:\/\/www.radioamigavallenar.cl\/index.php?rest_route=\/wp\/v2\/media\/96151"}],"wp:attachment":[{"href":"https:\/\/www.radioamigavallenar.cl\/index.php?rest_route=%2Fwp%2Fv2%2Fmedia&parent=96149"}],"wp:term":[{"taxonomy":"category","embeddable":true,"href":"https:\/\/www.radioamigavallenar.cl\/index.php?rest_route=%2Fwp%2Fv2%2Fcategories&post=96149"},{"taxonomy":"post_tag","embeddable":true,"href":"https:\/\/www.radioamigavallenar.cl\/index.php?rest_route=%2Fwp%2Fv2%2Ftags&post=96149"}],"curies":[{"name":"wp","href":"https:\/\/api.w.org\/{rel}","templated":true}]}}