{"id":96109,"date":"2025-11-27T07:22:49","date_gmt":"2025-11-27T10:22:49","guid":{"rendered":"https:\/\/www.radioamigavallenar.cl\/?p=96109"},"modified":"2025-11-27T07:22:49","modified_gmt":"2025-11-27T10:22:49","slug":"copiapina-josefa-gallardo-representara-a-chile-en-los-juegos-sudamericanos-escolares-en-paraguay","status":"publish","type":"post","link":"https:\/\/www.radioamigavallenar.cl\/?p=96109","title":{"rendered":"Copiapina Josefa Gallardo representar\u00e1 a Chile en los Juegos Sudamericanos Escolares en Paraguay"},"content":{"rendered":"<p data-start=\"316\" data-end=\"493\"><strong>La atleta de 14 a\u00f1os, campeona nacional escolar en salto largo, competir\u00e1 entre el 30 de noviembre y el 6 de diciembre en Asunci\u00f3n junto a m\u00e1s de 1.500 deportistas de 12 pa\u00edses.<\/strong><\/p>\n<p data-start=\"509\" data-end=\"1005\">La joven atleta copiapina Josefa Gallardo R\u00edos, estudiante de la Scuola Italiana de Copiap\u00f3, representar\u00e1 a Chile en los Juegos Sudamericanos Escolares 2025, que se realizar\u00e1n entre el 30 de noviembre y el 6 de diciembre en Asunci\u00f3n, Paraguay. La deportista clasific\u00f3 tras coronarse campeona nacional escolar sub 14 en la prueba de salto largo, donde alcanz\u00f3 una marca de 5,06 metros, registro que ha seguido mejorando hasta acercarse a los 5,20 metros en su preparaci\u00f3n previa al torneo.<\/p>\n<p data-start=\"1007\" data-end=\"1429\">En v\u00edsperas de su viaje, autoridades regionales encabezadas por el Seremi del Deporte (S), Tom\u00e1s Garay, la Seremi de Educaci\u00f3n (S), Alexandra Cuellar, el director del IND, Germ\u00e1n Acu\u00f1a, representantes del \u00e1rea de Deportes del SLEP Atacama y de la Scuola Italiana, participaron en un desayuno de reconocimiento para destacar el desempe\u00f1o de la joven atleta y desearle el mayor de los \u00e9xitos en la competencia internacional.<\/p>\n<p data-start=\"1431\" data-end=\"1876\">\u201cLos Juegos Deportivos Escolares son una gran instancia formadora de nuestros talentos deportivos y como Gobierno del Presidente Gabriel Boric estamos muy contentos de seguir potenci\u00e1ndolos, porque entendemos que el esfuerzo personal y apoyo familiar son fundamentales para que los j\u00f3venes logren sus objetivos, siendo la pr\u00e1ctica deportiva una herramienta fundamental para su desarrollo personal\u201d, se\u00f1al\u00f3 el Seremi del Deporte (S), Tom\u00e1s Garay.<\/p>\n<p data-start=\"1878\" data-end=\"2338\">Acompa\u00f1ada de su familia, Josefa manifest\u00f3 su entusiasmo por el desaf\u00edo sudamericano: \u201cMi trayectoria es larga, de mucho esfuerzo, entrenamiento y disciplina. Gracias a todo eso llegu\u00e9 al Sudamericano, lo que me tiene muy contenta. Espero disfrutar esta competencia y dar lo mejor de m\u00ed. Mi familia ha sido un apoyo fundamental para conseguir mis logros. A los j\u00f3venes les digo que no se rindan, que sigan entrenando con disciplina y que todo se puede lograr\u201d.<\/p>\n<p data-start=\"2340\" data-end=\"2516\">\n","protected":false},"excerpt":{"rendered":"<p>La atleta de 14 a\u00f1os, campeona nacional escolar en salto largo, competir\u00e1 entre el 30 de noviembre y el 6 de diciembre en Asunci\u00f3n junto&hellip; <\/p>\n","protected":false},"author":6,"featured_media":96110,"comment_status":"closed","ping_status":"closed","sticky":false,"template":"","format":"standard","meta":{"footnotes":""},"categories":[7],"tags":[],"class_list":["post-96109","post","type-post","status-publish","format-standard","has-post-thumbnail","hentry","category-atacama"],"_links":{"self":[{"href":"https:\/\/www.radioamigavallenar.cl\/index.php?rest_route=\/wp\/v2\/posts\/96109","targetHints":{"allow":["GET"]}}],"collection":[{"href":"https:\/\/www.radioamigavallenar.cl\/index.php?rest_route=\/wp\/v2\/posts"}],"about":[{"href":"https:\/\/www.radioamigavallenar.cl\/index.php?rest_route=\/wp\/v2\/types\/post"}],"author":[{"embeddable":true,"href":"https:\/\/www.radioamigavallenar.cl\/index.php?rest_route=\/wp\/v2\/users\/6"}],"replies":[{"embeddable":true,"href":"https:\/\/www.radioamigavallenar.cl\/index.php?rest_route=%2Fwp%2Fv2%2Fcomments&post=96109"}],"version-history":[{"count":1,"href":"https:\/\/www.radioamigavallenar.cl\/index.php?rest_route=\/wp\/v2\/posts\/96109\/revisions"}],"predecessor-version":[{"id":96111,"href":"https:\/\/www.radioamigavallenar.cl\/index.php?rest_route=\/wp\/v2\/posts\/96109\/revisions\/96111"}],"wp:featuredmedia":[{"embeddable":true,"href":"https:\/\/www.radioamigavallenar.cl\/index.php?rest_route=\/wp\/v2\/media\/96110"}],"wp:attachment":[{"href":"https:\/\/www.radioamigavallenar.cl\/index.php?rest_route=%2Fwp%2Fv2%2Fmedia&parent=96109"}],"wp:term":[{"taxonomy":"category","embeddable":true,"href":"https:\/\/www.radioamigavallenar.cl\/index.php?rest_route=%2Fwp%2Fv2%2Fcategories&post=96109"},{"taxonomy":"post_tag","embeddable":true,"href":"https:\/\/www.radioamigavallenar.cl\/index.php?rest_route=%2Fwp%2Fv2%2Ftags&post=96109"}],"curies":[{"name":"wp","href":"https:\/\/api.w.org\/{rel}","templated":true}]}}