{"id":96106,"date":"2025-11-27T07:20:03","date_gmt":"2025-11-27T10:20:03","guid":{"rendered":"https:\/\/www.radioamigavallenar.cl\/?p=96106"},"modified":"2025-11-27T07:20:03","modified_gmt":"2025-11-27T10:20:03","slug":"kinross-iniciara-ingreso-del-proyecto-minero-lobo-marte-al-seia-e-impulsa-proceso-de-participacion-ciudadana-temprana","status":"publish","type":"post","link":"https:\/\/www.radioamigavallenar.cl\/?p=96106","title":{"rendered":"Kinross iniciar\u00e1 ingreso del proyecto minero Lobo-Marte al SEIA e impulsa proceso de Participaci\u00f3n Ciudadana Temprana"},"content":{"rendered":"<p data-start=\"416\" data-end=\"602\"><strong>La compa\u00f1\u00eda avanza en la etapa final del Estudio de Impacto Ambiental y despliega instancias presenciales y digitales para fortalecer el di\u00e1logo con comunidades y autoridades de Atacama<\/strong>.<\/p>\n<p data-start=\"618\" data-end=\"1114\">Kinross Chile anunci\u00f3 que durante los pr\u00f3ximos meses ingresar\u00e1 el Estudio de Impacto Ambiental (EIA) del proyecto Lobo-Marte al Sistema de Evaluaci\u00f3n de Impacto Ambiental (SEIA), iniciando una nueva fase en su trayectoria de m\u00e1s de 30 a\u00f1os en la Regi\u00f3n de Atacama. Paralelamente, la compa\u00f1\u00eda desarrolla un proceso de Participaci\u00f3n Ciudadana Temprana (PCT), que combina actividades presenciales y difusi\u00f3n digital para promover la transparencia y ampliar los espacios de di\u00e1logo con la ciudadan\u00eda.<\/p>\n<p data-start=\"1116\" data-end=\"1507\">El proyecto se ubica a 170 kil\u00f3metros al noreste de Copiap\u00f3, a una altitud cercana a los 4.200 metros sobre el nivel del mar, y contempla la explotaci\u00f3n secuencial de los yacimientos Marte y Lobo. Su dise\u00f1o considera una tasa de procesamiento nominal de 35.000 toneladas de mineral por d\u00eda y una vida \u00fatil de aproximadamente 22 a\u00f1os, abarcando las etapas de construcci\u00f3n, operaci\u00f3n y cierre.<\/p>\n<p data-start=\"1509\" data-end=\"1900\">\u201cEl proyecto a\u00fan se encuentra finalizando su desarrollo t\u00e9cnico y ambiental, por lo que a\u00fan no existe una cifra definitiva de inversi\u00f3n. Sin embargo, es una iniciativa de gran magnitud para Kinross y estamos avanzando rigurosamente en su Estudio de Impacto Ambiental, que esperamos presentar prontamente\u201d, se\u00f1al\u00f3 Max Combes, vicepresidente senior de Crecimiento Estrat\u00e9gico de Kinross Chile.<\/p>\n<p data-start=\"1902\" data-end=\"2282\">En su etapa de construcci\u00f3n, Lobo-Marte generar\u00e1 entre 2.800 y 3.400 puestos de trabajo, mientras que su operaci\u00f3n demandar\u00e1 alrededor de 1.000 trabajadores, entre personal directo y contratistas. Adem\u00e1s, la compa\u00f1\u00eda desarrollar\u00e1 una estrategia de inversi\u00f3n social sustentada en cuatro pilares: Biodiversidad, Bienestar Territorial, Capital Humano y Comunidades Ind\u00edgenas.<\/p>\n<p data-start=\"2284\" data-end=\"2557\">El proceso de Participaci\u00f3n Ciudadana Temprana se ha convertido en un componente clave de la iniciativa. Las actividades se est\u00e1n desarrollando en Copiap\u00f3, Tierra Amarilla y sectores colla del \u00e1rea cordillerana, junto con contenido informativo difundido por redes sociales.<\/p>\n<p data-start=\"2559\" data-end=\"3026\">\u201cEstamos llevando a cabo un proceso de Participaci\u00f3n Ciudadana Temprana, cuyo objetivo es dar a conocer lo que estamos haciendo, resolver dudas y escuchar a distintos actores clave. Hasta ahora, la iniciativa ha sido bien recibida. Muchas personas valoran el aporte hist\u00f3rico de la compa\u00f1\u00eda en Atacama y reconocen los avances del proyecto en materia de dise\u00f1o para disminuir sus posibles efectos\u201d, afirm\u00f3 Patricio Pinto, director de Asuntos Externos de Kinross Chile.<\/p>\n<p data-start=\"3028\" data-end=\"3568\">El dise\u00f1o de Lobo-Marte incorpora altos est\u00e1ndares de ingenier\u00eda, seguridad y desempe\u00f1o ambiental. Kinross utilizar\u00e1 los derechos de agua subterr\u00e1nea que ya posee, transportados mediante un acueducto subterr\u00e1neo de 36 kil\u00f3metros, lo que permite garantizar eficiencia h\u00eddrica y evitar impactos en fuentes de agua utilizadas por comunidades o ecosistemas sensibles. Asimismo, el sistema de chancado, transporte y acopio del mineral operar\u00e1 completamente cerrado, controlando material particulado y protegiendo la calidad del aire del entorno.<\/p>\n","protected":false},"excerpt":{"rendered":"<p>La compa\u00f1\u00eda avanza en la etapa final del Estudio de Impacto Ambiental y despliega instancias presenciales y digitales para fortalecer el di\u00e1logo con comunidades y&hellip; <\/p>\n","protected":false},"author":6,"featured_media":96107,"comment_status":"closed","ping_status":"closed","sticky":false,"template":"","format":"standard","meta":{"footnotes":""},"categories":[7],"tags":[],"class_list":["post-96106","post","type-post","status-publish","format-standard","has-post-thumbnail","hentry","category-atacama"],"_links":{"self":[{"href":"https:\/\/www.radioamigavallenar.cl\/index.php?rest_route=\/wp\/v2\/posts\/96106","targetHints":{"allow":["GET"]}}],"collection":[{"href":"https:\/\/www.radioamigavallenar.cl\/index.php?rest_route=\/wp\/v2\/posts"}],"about":[{"href":"https:\/\/www.radioamigavallenar.cl\/index.php?rest_route=\/wp\/v2\/types\/post"}],"author":[{"embeddable":true,"href":"https:\/\/www.radioamigavallenar.cl\/index.php?rest_route=\/wp\/v2\/users\/6"}],"replies":[{"embeddable":true,"href":"https:\/\/www.radioamigavallenar.cl\/index.php?rest_route=%2Fwp%2Fv2%2Fcomments&post=96106"}],"version-history":[{"count":1,"href":"https:\/\/www.radioamigavallenar.cl\/index.php?rest_route=\/wp\/v2\/posts\/96106\/revisions"}],"predecessor-version":[{"id":96108,"href":"https:\/\/www.radioamigavallenar.cl\/index.php?rest_route=\/wp\/v2\/posts\/96106\/revisions\/96108"}],"wp:featuredmedia":[{"embeddable":true,"href":"https:\/\/www.radioamigavallenar.cl\/index.php?rest_route=\/wp\/v2\/media\/96107"}],"wp:attachment":[{"href":"https:\/\/www.radioamigavallenar.cl\/index.php?rest_route=%2Fwp%2Fv2%2Fmedia&parent=96106"}],"wp:term":[{"taxonomy":"category","embeddable":true,"href":"https:\/\/www.radioamigavallenar.cl\/index.php?rest_route=%2Fwp%2Fv2%2Fcategories&post=96106"},{"taxonomy":"post_tag","embeddable":true,"href":"https:\/\/www.radioamigavallenar.cl\/index.php?rest_route=%2Fwp%2Fv2%2Ftags&post=96106"}],"curies":[{"name":"wp","href":"https:\/\/api.w.org\/{rel}","templated":true}]}}