{"id":96103,"date":"2025-11-27T07:17:35","date_gmt":"2025-11-27T10:17:35","guid":{"rendered":"https:\/\/www.radioamigavallenar.cl\/?p=96103"},"modified":"2025-11-27T07:17:35","modified_gmt":"2025-11-27T10:17:35","slug":"serviu-atacama-difunde-guia-de-apoyo-y-orientaciones-tecnicas-con-enfoque-de-genero-para-entidades-patrocinantes-y-comites-habitacionales","status":"publish","type":"post","link":"https:\/\/www.radioamigavallenar.cl\/?p=96103","title":{"rendered":"Serviu Atacama difunde Gu\u00eda de Apoyo y Orientaciones T\u00e9cnicas con Enfoque de G\u00e9nero para entidades patrocinantes y comit\u00e9s habitacionales"},"content":{"rendered":"<p data-start=\"381\" data-end=\"640\"><strong>La instituci\u00f3n realiz\u00f3 una nueva jornada de transferencia metodol\u00f3gica para organizaciones de la provincia de Huasco y puso a disposici\u00f3n de la comunidad material informativo para fortalecer postulaciones inclusivas al Fondo Solidario de Elecci\u00f3n de Vivienda.<\/strong><\/p>\n<p data-start=\"656\" data-end=\"1205\">El Servicio de Vivienda y Urbanizaci\u00f3n (Serviu) Atacama desarroll\u00f3 una nueva jornada de transferencia metodol\u00f3gica para entidades patrocinantes y comit\u00e9s habitacionales de las comunas de Alto del Carmen, Vallenar, Freirina y Huasco. La actividad, realizada en modalidad en l\u00ednea, permiti\u00f3 presentar la Gu\u00eda de Apoyo y Orientaciones T\u00e9cnicas para el abordaje de cuestiones de G\u00e9nero y otros aspectos de Inclusi\u00f3n en el Plan de Asistencia T\u00e9cnica del Programa Fondo Solidario de Elecci\u00f3n de Vivienda (DS49), documento elaborado por Serviu Atacama.<\/p>\n<p data-start=\"1207\" data-end=\"1596\">El taller fue encabezado por el director regional del Serviu, Manuel Gonz\u00e1lez Jim\u00e9nez, junto al encargado de G\u00e9nero y jefe del Departamento Jur\u00eddico del servicio, Jorge Matta Pizarro. En la instancia, las participantes conocieron las orientaciones que propone la gu\u00eda para incorporar, de manera progresiva, el enfoque de g\u00e9nero y la inclusi\u00f3n en todas las etapas del Acompa\u00f1amiento Social.<\/p>\n<p data-start=\"1598\" data-end=\"1949\">El material entrega herramientas pr\u00e1cticas para fortalecer el diagn\u00f3stico participativo con perspectiva de g\u00e9nero, promover la corresponsabilidad en los cuidados, abordar la prevenci\u00f3n situacional de violencias, asegurar una participaci\u00f3n equitativa en la toma de decisiones y avanzar hacia una asignaci\u00f3n justa de viviendas, entre otros lineamientos.<\/p>\n<p data-start=\"1951\" data-end=\"2565\">Gonz\u00e1lez y Matta valoraron \u201cla alta participaci\u00f3n y la pertinencia de las consultas de las dirigentas e invitados, tanto en la jornada de transferencia metodol\u00f3gica presencial realizada en Copiap\u00f3 como en este taller en l\u00ednea, de nuestra gu\u00eda que contribuye a fortalecer las capacidades t\u00e9cnicas de las entidades patrocinantes y de los comit\u00e9s de vivienda para incorporar, de manera efectiva, el enfoque de g\u00e9nero en la gesti\u00f3n habitacional, promoviendo metodolog\u00edas m\u00e1s participativas y equitativas que impulsen la presencia activa de mujeres y diversidades en la planificaci\u00f3n y toma de decisiones comunitarias\u201d.<\/p>\n<p data-start=\"2567\" data-end=\"2829\">La gu\u00eda se encuentra disponible para descargar en el sitio web <a class=\"decorated-link\" href=\"http:\/\/www.serviuatacama.cl\" target=\"_new\" rel=\"noopener\" data-start=\"2630\" data-end=\"2650\">www.serviuatacama.cl<\/a>, en el banner de Igualdad de G\u00e9nero, y tambi\u00e9n como l\u00e1minas informativas en las redes sociales oficiales de @serviuatacama, con el fin de facilitar su acceso a toda la comunidad.<\/p>\n","protected":false},"excerpt":{"rendered":"<p>La instituci\u00f3n realiz\u00f3 una nueva jornada de transferencia metodol\u00f3gica para organizaciones de la provincia de Huasco y puso a disposici\u00f3n de la comunidad material informativo&hellip; <\/p>\n","protected":false},"author":6,"featured_media":96104,"comment_status":"closed","ping_status":"closed","sticky":false,"template":"","format":"standard","meta":{"footnotes":""},"categories":[7],"tags":[],"class_list":["post-96103","post","type-post","status-publish","format-standard","has-post-thumbnail","hentry","category-atacama"],"_links":{"self":[{"href":"https:\/\/www.radioamigavallenar.cl\/index.php?rest_route=\/wp\/v2\/posts\/96103","targetHints":{"allow":["GET"]}}],"collection":[{"href":"https:\/\/www.radioamigavallenar.cl\/index.php?rest_route=\/wp\/v2\/posts"}],"about":[{"href":"https:\/\/www.radioamigavallenar.cl\/index.php?rest_route=\/wp\/v2\/types\/post"}],"author":[{"embeddable":true,"href":"https:\/\/www.radioamigavallenar.cl\/index.php?rest_route=\/wp\/v2\/users\/6"}],"replies":[{"embeddable":true,"href":"https:\/\/www.radioamigavallenar.cl\/index.php?rest_route=%2Fwp%2Fv2%2Fcomments&post=96103"}],"version-history":[{"count":1,"href":"https:\/\/www.radioamigavallenar.cl\/index.php?rest_route=\/wp\/v2\/posts\/96103\/revisions"}],"predecessor-version":[{"id":96105,"href":"https:\/\/www.radioamigavallenar.cl\/index.php?rest_route=\/wp\/v2\/posts\/96103\/revisions\/96105"}],"wp:featuredmedia":[{"embeddable":true,"href":"https:\/\/www.radioamigavallenar.cl\/index.php?rest_route=\/wp\/v2\/media\/96104"}],"wp:attachment":[{"href":"https:\/\/www.radioamigavallenar.cl\/index.php?rest_route=%2Fwp%2Fv2%2Fmedia&parent=96103"}],"wp:term":[{"taxonomy":"category","embeddable":true,"href":"https:\/\/www.radioamigavallenar.cl\/index.php?rest_route=%2Fwp%2Fv2%2Fcategories&post=96103"},{"taxonomy":"post_tag","embeddable":true,"href":"https:\/\/www.radioamigavallenar.cl\/index.php?rest_route=%2Fwp%2Fv2%2Ftags&post=96103"}],"curies":[{"name":"wp","href":"https:\/\/api.w.org\/{rel}","templated":true}]}}