{"id":96100,"date":"2025-11-27T07:12:25","date_gmt":"2025-11-27T10:12:25","guid":{"rendered":"https:\/\/www.radioamigavallenar.cl\/?p=96100"},"modified":"2025-11-27T07:12:25","modified_gmt":"2025-11-27T10:12:25","slug":"pdi-atacama-y-conaf-destacan-positivo-balance-del-desierto-florido-en-parque-nacional-llanos-de-challe","status":"publish","type":"post","link":"https:\/\/www.radioamigavallenar.cl\/?p=96100","title":{"rendered":"PDI Atacama y CONAF destacan positivo balance del Desierto Florido en Parque Nacional Llanos de Challe"},"content":{"rendered":"<p data-start=\"380\" data-end=\"571\"><strong>Las instituciones valoraron el buen comportamiento de los visitantes y la disminuci\u00f3n de denuncias durante esta temporada, atribuida al trabajo preventivo de la Mesa T\u00e9cnica Desierto Florido.<\/strong><\/p>\n<p data-start=\"587\" data-end=\"994\">La Brigada Investigadora de Delitos Contra el Medio Ambiente y Patrimonio Cultural (Bidema) de la PDI Copiap\u00f3, junto a la Corporaci\u00f3n Nacional Forestal (CONAF), realizaron una visita al Parque Nacional Llanos de Challe para evaluar en terreno el desarrollo del fen\u00f3meno natural del Desierto Florido. Tras recorrer los senderos habilitados, ambas instituciones entregaron un balance positivo de la temporada.<\/p>\n<p data-start=\"996\" data-end=\"1467\">Este a\u00f1o, la Bidema Copiap\u00f3 ha tenido una participaci\u00f3n activa en la Mesa T\u00e9cnica Desierto Florido, instancia que re\u00fane a diversos organismos para promover la protecci\u00f3n de las zonas donde ocurre este fen\u00f3meno. En ese marco, la PDI ha reforzado el rol policial preventivo, entregando recomendaciones a quienes visitan \u00e1reas protegidas y recordando las sanciones que enfrentan quienes transitan fuera de los senderos permitidos, especialmente dentro de parques nacionales.<\/p>\n<p data-start=\"1469\" data-end=\"2468\">El comisario Cristian Contreras, jefe de la Bidema Copiap\u00f3, encabez\u00f3 la visita junto a oficiales policiales y al administrador del Parque Nacional Llanos de Challe, Mois\u00e9s Grimberg, uno de los puntos m\u00e1s concurridos por turistas durante la presente temporada. \u201cComo Bidema somos parte de la Mesa T\u00e9cnica Desierto Florido, junto con Conaf somos entidades fiscalizadoras, por lo que llevamos a cabo visitas para dialogar con turistas, entregarles recomendaciones sobre el cuidado del Parque y del fen\u00f3meno del desierto florido. Se realiz\u00f3 un an\u00e1lisis de los \u00faltimos eventos de desierto florido y conversando con Conaf hemos visto una mejora en el comportamiento de los turistas, lo que tambi\u00e9n se suma a la poca cantidad de denuncias recibidas en comparaci\u00f3n a otros a\u00f1os donde se apreci\u00f3 este fen\u00f3meno natural. El trabajo de la Mesa T\u00e9cnica Desierto Florido, a trav\u00e9s de todas las instituciones participantes, con llamados a visitar responsablemente estos lugares tuvo un muy buen resultado\u201d, afirm\u00f3.<\/p>\n<p data-start=\"2470\" data-end=\"2998\">Por su parte, Mois\u00e9s Grimberg destac\u00f3 la conducta responsable del p\u00fablico que ha visitado el parque. \u201cHemos recibido aproximadamente a ocho mil turistas, donde el balance que hacemos es que hoy la gente tiene un mejor comportamiento respecto de la observaci\u00f3n responsable del fen\u00f3meno desierto florido. Existe un autocontrol por parte de las mismas personas que recorren los senderos y caminos, denunciando en el momento cualquier mala pr\u00e1ctica o haciendo un llamado de atenci\u00f3n a quienes infringen las recomendaciones\u201d, se\u00f1al\u00f3.<\/p>\n<p data-start=\"3000\" data-end=\"3252\">Durante la visita, equipos de Bidema y CONAF entregaron recomendaciones a los visitantes, en momentos en que destaca la floraci\u00f3n de la Garra de Le\u00f3n, una especie end\u00e9mica de la Regi\u00f3n de Atacama y uno de los hitos m\u00e1s esperados del Desierto Florido.<\/p>\n<p data-start=\"3254\" data-end=\"3563\">\u201cEl llamado que hacemos como Polic\u00eda de Investigaciones de Chile a la comunidad es de que si visitan estos sectores transiten por los sectores que est\u00e1n debidamente se\u00f1alizados, evitar arrancar las flores, no dejar basura y no concurrir con mascotas que afecten la floraci\u00f3n\u201d, enfatiz\u00f3 el comisario Contreras.<\/p>\n","protected":false},"excerpt":{"rendered":"<p>Las instituciones valoraron el buen comportamiento de los visitantes y la disminuci\u00f3n de denuncias durante esta temporada, atribuida al trabajo preventivo de la Mesa T\u00e9cnica&hellip; <\/p>\n","protected":false},"author":6,"featured_media":96101,"comment_status":"closed","ping_status":"closed","sticky":false,"template":"","format":"standard","meta":{"footnotes":""},"categories":[38],"tags":[],"class_list":["post-96100","post","type-post","status-publish","format-standard","has-post-thumbnail","hentry","category-portada-regional"],"_links":{"self":[{"href":"https:\/\/www.radioamigavallenar.cl\/index.php?rest_route=\/wp\/v2\/posts\/96100","targetHints":{"allow":["GET"]}}],"collection":[{"href":"https:\/\/www.radioamigavallenar.cl\/index.php?rest_route=\/wp\/v2\/posts"}],"about":[{"href":"https:\/\/www.radioamigavallenar.cl\/index.php?rest_route=\/wp\/v2\/types\/post"}],"author":[{"embeddable":true,"href":"https:\/\/www.radioamigavallenar.cl\/index.php?rest_route=\/wp\/v2\/users\/6"}],"replies":[{"embeddable":true,"href":"https:\/\/www.radioamigavallenar.cl\/index.php?rest_route=%2Fwp%2Fv2%2Fcomments&post=96100"}],"version-history":[{"count":1,"href":"https:\/\/www.radioamigavallenar.cl\/index.php?rest_route=\/wp\/v2\/posts\/96100\/revisions"}],"predecessor-version":[{"id":96102,"href":"https:\/\/www.radioamigavallenar.cl\/index.php?rest_route=\/wp\/v2\/posts\/96100\/revisions\/96102"}],"wp:featuredmedia":[{"embeddable":true,"href":"https:\/\/www.radioamigavallenar.cl\/index.php?rest_route=\/wp\/v2\/media\/96101"}],"wp:attachment":[{"href":"https:\/\/www.radioamigavallenar.cl\/index.php?rest_route=%2Fwp%2Fv2%2Fmedia&parent=96100"}],"wp:term":[{"taxonomy":"category","embeddable":true,"href":"https:\/\/www.radioamigavallenar.cl\/index.php?rest_route=%2Fwp%2Fv2%2Fcategories&post=96100"},{"taxonomy":"post_tag","embeddable":true,"href":"https:\/\/www.radioamigavallenar.cl\/index.php?rest_route=%2Fwp%2Fv2%2Ftags&post=96100"}],"curies":[{"name":"wp","href":"https:\/\/api.w.org\/{rel}","templated":true}]}}