{"id":96097,"date":"2025-11-27T07:07:48","date_gmt":"2025-11-27T10:07:48","guid":{"rendered":"https:\/\/www.radioamigavallenar.cl\/?p=96097"},"modified":"2025-11-27T07:07:48","modified_gmt":"2025-11-27T10:07:48","slug":"gope-de-carabineros-y-grupo-de-intervencion-especial-gis-de-italia-hacen-cumbre-en-el-volcan-ojos-del-salado","status":"publish","type":"post","link":"https:\/\/www.radioamigavallenar.cl\/?p=96097","title":{"rendered":"GOPE de Carabineros y Grupo de Intervenci\u00f3n Especial \u201cGIS\u201d de Italia hacen cumbre en el Volc\u00e1n Ojos del Salado"},"content":{"rendered":"<p data-start=\"417\" data-end=\"590\"><strong>La expedici\u00f3n binacional se enmarca en el fortalecimiento de v\u00ednculos institucionales y en el intercambio de conocimientos profesionales entre ambas polic\u00edas especializadas.<\/strong><\/p>\n<p data-start=\"606\" data-end=\"1072\">Como una experiencia \u201c\u00fanica e inolvidable\u201d calificaron dos polic\u00edas del Grupo de Intervenci\u00f3n Especial (GIS) de Italia la traves\u00eda que los llev\u00f3 a la cumbre del Volc\u00e1n Ojos del Salado, la segunda monta\u00f1a m\u00e1s alta del hemisferio occidental y un desaf\u00edo extremo para equipos de alta monta\u00f1a. Los funcionarios italianos se encuentran en Chile en el marco de un programa de intercambio profesional con el Grupo de Operaciones Policiales Especiales (GOPE) de Carabineros.<\/p>\n<p data-start=\"1074\" data-end=\"1437\">La expedici\u00f3n comenz\u00f3 con varios d\u00edas de aclimataci\u00f3n en el sector cordillerano de Laguna Verde, donde la delegaci\u00f3n ascendi\u00f3 a diversas cumbres superiores a los 6.000 metros sobre el nivel del mar. El volc\u00e1n Ojos del Salado supera los 6.800 metros de altitud, por lo que exige rigurosos protocolos de preparaci\u00f3n, evaluaci\u00f3n f\u00edsica y adaptaci\u00f3n a altura extrema.<\/p>\n<p data-start=\"1439\" data-end=\"1696\">El ascenso final se realiz\u00f3 el 24 de noviembre, iniciando la marcha a las 02:00 horas. Tras m\u00e1s de 16 horas de traves\u00eda, los equipos de elite de ambas polic\u00edas regresaron al campamento base cerca de las 18:00 horas, sin novedades y con el objetivo cumplido.<\/p>\n<p data-start=\"1730\" data-end=\"2020\">Tras la expedici\u00f3n, la delegaci\u00f3n \u2014integrada por polic\u00edas italianos y funcionarios de Santiago, Los R\u00edos y Atacama\u2014 fue recibida por el Jefe de Zona de Carabineros Atacama, general Julio Marabol\u00ed Fuenzalida. La autoridad destac\u00f3 el trabajo conjunto y la alta especializaci\u00f3n de los equipos.<\/p>\n<p data-start=\"2022\" data-end=\"2355\">\u201c\u00c9sta es una muestra m\u00e1s de nuestras capacidades profesionales y trabajo en equipo consolidado como un pilar fundamental para avanzar en los distintos desaf\u00edos institucionales. Felicito a cada uno de los integrantes de estos grupos de \u00e9lite que hicieron cumbre en una de las monta\u00f1as m\u00e1s altas del mundo\u201d, se\u00f1al\u00f3 el general Marabol\u00ed.<\/p>\n<p data-start=\"2399\" data-end=\"2721\">El Volc\u00e1n Ojos del Salado, ubicado en la Cordillera de los Andes de la Regi\u00f3n de Atacama, es uno de los principales destinos de alta monta\u00f1a del mundo fuera del Himalaya. Cada a\u00f1o, entre diciembre y marzo, cientos de deportistas extranjeros llegan al sector para ascender esta y otras cumbres que superan los 6.000 metros.<\/p>\n<p data-start=\"2723\" data-end=\"3077\">Sus condiciones extremas lo convierten en un escenario clave para la preparaci\u00f3n de equipos de rescate. Por ello, el GOPE de Carabineros en Atacama realiza anualmente jornadas de aclimataci\u00f3n y ascenso, con el fin de fortalecer t\u00e9cnicas de alta monta\u00f1a, practicar rutas y prepararse ante eventuales situaciones de riesgo y rescates a m\u00e1s de 6.800 metros.<\/p>\n<p data-start=\"3079\" data-end=\"3301\">La traves\u00eda anual contempla siete d\u00edas de trabajo especializado, en los que el equipo recorre posibles rutas de ascenso y zonas lim\u00edtrofes, consolidando su capacidad operativa en uno de los terrenos m\u00e1s exigentes del pa\u00eds.<\/p>\n","protected":false},"excerpt":{"rendered":"<p>La expedici\u00f3n binacional se enmarca en el fortalecimiento de v\u00ednculos institucionales y en el intercambio de conocimientos profesionales entre ambas polic\u00edas especializadas. Como una experiencia&hellip; <\/p>\n","protected":false},"author":6,"featured_media":96098,"comment_status":"closed","ping_status":"closed","sticky":false,"template":"","format":"standard","meta":{"footnotes":""},"categories":[7],"tags":[],"class_list":["post-96097","post","type-post","status-publish","format-standard","has-post-thumbnail","hentry","category-atacama"],"_links":{"self":[{"href":"https:\/\/www.radioamigavallenar.cl\/index.php?rest_route=\/wp\/v2\/posts\/96097","targetHints":{"allow":["GET"]}}],"collection":[{"href":"https:\/\/www.radioamigavallenar.cl\/index.php?rest_route=\/wp\/v2\/posts"}],"about":[{"href":"https:\/\/www.radioamigavallenar.cl\/index.php?rest_route=\/wp\/v2\/types\/post"}],"author":[{"embeddable":true,"href":"https:\/\/www.radioamigavallenar.cl\/index.php?rest_route=\/wp\/v2\/users\/6"}],"replies":[{"embeddable":true,"href":"https:\/\/www.radioamigavallenar.cl\/index.php?rest_route=%2Fwp%2Fv2%2Fcomments&post=96097"}],"version-history":[{"count":1,"href":"https:\/\/www.radioamigavallenar.cl\/index.php?rest_route=\/wp\/v2\/posts\/96097\/revisions"}],"predecessor-version":[{"id":96099,"href":"https:\/\/www.radioamigavallenar.cl\/index.php?rest_route=\/wp\/v2\/posts\/96097\/revisions\/96099"}],"wp:featuredmedia":[{"embeddable":true,"href":"https:\/\/www.radioamigavallenar.cl\/index.php?rest_route=\/wp\/v2\/media\/96098"}],"wp:attachment":[{"href":"https:\/\/www.radioamigavallenar.cl\/index.php?rest_route=%2Fwp%2Fv2%2Fmedia&parent=96097"}],"wp:term":[{"taxonomy":"category","embeddable":true,"href":"https:\/\/www.radioamigavallenar.cl\/index.php?rest_route=%2Fwp%2Fv2%2Fcategories&post=96097"},{"taxonomy":"post_tag","embeddable":true,"href":"https:\/\/www.radioamigavallenar.cl\/index.php?rest_route=%2Fwp%2Fv2%2Ftags&post=96097"}],"curies":[{"name":"wp","href":"https:\/\/api.w.org\/{rel}","templated":true}]}}