{"id":9526,"date":"2018-04-24T07:38:27","date_gmt":"2018-04-24T10:38:27","guid":{"rendered":"http:\/\/www.radioamigavallenar.cl\/?p=9526"},"modified":"2018-04-24T11:54:16","modified_gmt":"2018-04-24T14:54:16","slug":"actor-sebastian-layseca-se-suma-a-fiesta-del-libro-de-atacama","status":"publish","type":"post","link":"https:\/\/www.radioamigavallenar.cl\/?p=9526","title":{"rendered":"Actor Sebasti\u00e1n Layseca se suma a Fiesta del Libro de Atacama"},"content":{"rendered":"<p style=\"font-weight: 400; text-align: center;\"><a href=\"http:\/\/www.radioamigavallenar.cl\/wp-content\/uploads\/2018\/04\/Layseca.jpg\"><img loading=\"lazy\" decoding=\"async\" class=\"alignnone size-medium wp-image-9527\" src=\"http:\/\/www.radioamigavallenar.cl\/wp-content\/uploads\/2018\/04\/Layseca-300x169.jpg\" alt=\"Layseca\" width=\"300\" height=\"169\" srcset=\"https:\/\/www.radioamigavallenar.cl\/wp-content\/uploads\/2018\/04\/Layseca-300x169.jpg 300w, https:\/\/www.radioamigavallenar.cl\/wp-content\/uploads\/2018\/04\/Layseca.jpg 700w\" sizes=\"auto, (max-width: 300px) 100vw, 300px\" \/><\/a><\/p>\n<p style=\"font-weight: 400; text-align: justify;\">Este martes 24 comienza la Fiesta del Libro en Atacama, justo en el coraz\u00f3n de Copiap\u00f3: la Plaza Arturo Prat. Una edici\u00f3n que durante 48 horas promover\u00e1 el acceso al libro y la lectura entre todas las generaciones. Este evento, que reunir\u00e1 a exponentes de toda la regi\u00f3n, incluir\u00e1 entre sus contenidos la visita de un destacado actor nacional: Sebasti\u00e1n Layseca.<\/p>\n<p style=\"font-weight: 400; text-align: justify;\">\u201cMe parece un orgullo ser considerado para impulsar la Fiesta del Libro en Copiap\u00f3. Siempre me parece muy positivo el acceso al desarrollo del imaginario y de nuestras culturas\u201d, comenta el actor nacional, que actualmente est\u00e1 al aire en TVN con la teleserie \u201cDime qui\u00e9n fue\u201d.<\/p>\n<p style=\"font-weight: 400; text-align: justify;\">Como parte de su formaci\u00f3n actoral, Layseca fue parte del Taller de Dramaturgia dictado por el c\u00e9lebre Juan Radrig\u00e1n. Y en su carrera profesional ya suma una docena de pel\u00edculas, m\u00e1s de 10 teleseries, adem\u00e1s de varios unitarios y participaciones especiales en ficciones de la televisi\u00f3n chilena. En su participaci\u00f3n en la Fiesta del Libro resaltar\u00e1 el lazo que une la actuaci\u00f3n con las letras. \u201cComo\u00a0<em>teatristas<\/em>\u00a0estamos siempre muy cerca de las letras a trav\u00e9s del Arte Dram\u00e1tico y desarrollamos, ac\u00e1 en lo particular, un par de obras que, justamente, apuntan al desarrollo de la palabra y desde la palabra construir lo escenificable\u201d, apunta el tambi\u00e9n m\u00fasico y locutor radial.<\/p>\n<p style=\"font-weight: 400; text-align: justify;\">Licenciado en Artes, con menci\u00f3n en Actuaci\u00f3n Teatral de la Universidad de Chile, en su permanente estancia sobre las tablas ha sido dirigido por importantes figuras como Mauricio Pesutic, Mateo Irribarren y Ram\u00f3n Griffero. Y parte de esa experiencia la compartir\u00e1 en Atacama con estudiantes del Liceo Jos\u00e9 Antonio Carvajal, reuniendo en el conversatorio a los participantes de los talleres de Teatro, Literatura y Periodismo de dicho establecimiento. Sobre esta experiencia comenta que \u201cel libro forma parte fundamental de lo que es la construcci\u00f3n de un imaginario, de la estructura que tiene el cerebro del ser humano para poder desarrollar ideas y obras\u201d.<\/p>\n<p style=\"font-weight: 400; text-align: justify;\">La Fiesta del Libro, en su cuarta versi\u00f3n, es abierta a toda la ciudadan\u00eda y comienza este martes 24, durante la ma\u00f1ana, cruzando a varias generaciones a trav\u00e9s de actividades que incluyen Cuentacuentos, lanzamientos, proyecciones cinematogr\u00e1ficas, charlas, talleres y actividades ciudadanas. Este evento es organizado por la Serem\u00eda de las Culturas, las Artes y el Patrimonio junto con el Comit\u00e9 T\u00e9cnico Regional del Plan de la Lectura.<\/p>\n","protected":false},"excerpt":{"rendered":"<p>Este martes 24 comienza la Fiesta del Libro en Atacama, justo en el coraz\u00f3n de Copiap\u00f3: la Plaza Arturo Prat. Una edici\u00f3n que durante 48&hellip; <\/p>\n","protected":false},"author":2,"featured_media":9527,"comment_status":"open","ping_status":"closed","sticky":false,"template":"","format":"standard","meta":{"footnotes":""},"categories":[7],"tags":[],"class_list":["post-9526","post","type-post","status-publish","format-standard","has-post-thumbnail","hentry","category-atacama"],"_links":{"self":[{"href":"https:\/\/www.radioamigavallenar.cl\/index.php?rest_route=\/wp\/v2\/posts\/9526","targetHints":{"allow":["GET"]}}],"collection":[{"href":"https:\/\/www.radioamigavallenar.cl\/index.php?rest_route=\/wp\/v2\/posts"}],"about":[{"href":"https:\/\/www.radioamigavallenar.cl\/index.php?rest_route=\/wp\/v2\/types\/post"}],"author":[{"embeddable":true,"href":"https:\/\/www.radioamigavallenar.cl\/index.php?rest_route=\/wp\/v2\/users\/2"}],"replies":[{"embeddable":true,"href":"https:\/\/www.radioamigavallenar.cl\/index.php?rest_route=%2Fwp%2Fv2%2Fcomments&post=9526"}],"version-history":[{"count":0,"href":"https:\/\/www.radioamigavallenar.cl\/index.php?rest_route=\/wp\/v2\/posts\/9526\/revisions"}],"wp:featuredmedia":[{"embeddable":true,"href":"https:\/\/www.radioamigavallenar.cl\/index.php?rest_route=\/wp\/v2\/media\/9527"}],"wp:attachment":[{"href":"https:\/\/www.radioamigavallenar.cl\/index.php?rest_route=%2Fwp%2Fv2%2Fmedia&parent=9526"}],"wp:term":[{"taxonomy":"category","embeddable":true,"href":"https:\/\/www.radioamigavallenar.cl\/index.php?rest_route=%2Fwp%2Fv2%2Fcategories&post=9526"},{"taxonomy":"post_tag","embeddable":true,"href":"https:\/\/www.radioamigavallenar.cl\/index.php?rest_route=%2Fwp%2Fv2%2Ftags&post=9526"}],"curies":[{"name":"wp","href":"https:\/\/api.w.org\/{rel}","templated":true}]}}