{"id":9523,"date":"2018-04-24T07:40:57","date_gmt":"2018-04-24T10:40:57","guid":{"rendered":"http:\/\/www.radioamigavallenar.cl\/?p=9523"},"modified":"2018-04-24T11:37:55","modified_gmt":"2018-04-24T14:37:55","slug":"en-vallenar-junji-celebro-48-anos-de-servicio-a-la-educacion-parvularia","status":"publish","type":"post","link":"https:\/\/www.radioamigavallenar.cl\/?p=9523","title":{"rendered":"En Vallenar JUNJI celebr\u00f3 48 a\u00f1os de servicio a la educaci\u00f3n parvularia"},"content":{"rendered":"<p style=\"text-align: center;\"><a href=\"http:\/\/www.radioamigavallenar.cl\/wp-content\/uploads\/2018\/04\/Jardin-Infantil-Verito-Cort\u00e9s.jpg\"><img loading=\"lazy\" decoding=\"async\" class=\"alignnone size-medium wp-image-9524\" src=\"http:\/\/www.radioamigavallenar.cl\/wp-content\/uploads\/2018\/04\/Jardin-Infantil-Verito-Cort\u00e9s-300x200.jpg\" alt=\"Jardin Infantil Verito Cort\u00e9s\" width=\"300\" height=\"200\" srcset=\"https:\/\/www.radioamigavallenar.cl\/wp-content\/uploads\/2018\/04\/Jardin-Infantil-Verito-Cort\u00e9s-300x200.jpg 300w, https:\/\/www.radioamigavallenar.cl\/wp-content\/uploads\/2018\/04\/Jardin-Infantil-Verito-Cort\u00e9s.jpg 700w\" sizes=\"auto, (max-width: 300px) 100vw, 300px\" \/><\/a><\/p>\n<p style=\"text-align: justify;\">Fue un momento emotivo y especial para la comunidad educativa del jard\u00edn infantil \u201cVerito Cortes Alcayaga\u201d de Vallenar, ya que en su establecimiento se conmemoraba el aniversario cuadrag\u00e9simo octavo de la instituci\u00f3n y se recordaba a trav\u00e9s del renombramiento oficial del jard\u00edn infantil a una de la educadora m\u00e1s emblem\u00e1tica de la comuna, que falleci\u00f3 el a\u00f1o 2015 a causa de una enfermedad que le aquejaba. Pero eso no era todo, tambi\u00e9n ser\u00edan parte de la donaci\u00f3n de un set completo de dispositivos \u201cPikler\u201d para los ni\u00f1os de sala cuna del establecimiento.<\/p>\n<p style=\"text-align: justify;\">A la actividad asistieron autoridades, familiares, apoderados y amigos del jard\u00edn, quienes destacaron la influencia de este establecimiento de educaci\u00f3n parvularia, que anteriormente se llam\u00f3 \u201cBambi\u201d pero que gracias al legado dejado por Veronica Cort\u00e9s, la \u201cT\u00eda Verito\u201d, fue rebautizado con su nombre.<\/p>\n<p style=\"text-align: justify;\">As\u00ed mismo, el jard\u00edn infantil a consolidado los lazos con la comunidad viendo recompensado ese trabajo con la donaci\u00f3n de un set completo de la metodolog\u00eda \u201cPikler\u201d entregado al establecimiento por la empresa minera \u201cNueva Uni\u00f3n\u201d de Vallenar, quien con su aporte contribuye a la utilizaci\u00f3n de nuevas metodolog\u00edas de aprendizaje de los ni\u00f1os y ni\u00f1as del jard\u00edn.<\/p>\n<p style=\"text-align: justify;\">El director regional de la JUNJI Atacama, Jos\u00e9 Luis Matamala, destac\u00f3 la importancia de reconocer la labor de los funcionarios que dejaron un legado en la instituci\u00f3n y destacar el trabajo que JUNJI realiza con la comunidad, \u201cCon el recuerdo vivo de Verito Cort\u00e9s Alcayaga, educadora de p\u00e1rvulos que marc\u00f3 generaciones en la comuna de Vallenar, queremos conmemorar 48 a\u00f1os de existencia de la Junta Nacional de Jardines a nivel Nacional. Adem\u00e1s, este hermoso jard\u00edn infantil y gracias al trabajo con sus redes, recibi\u00f3 un valioso regalo de parte de la Empresa Minera \u00abNueva Uni\u00f3n\u00bb, un set completo de dispositivos \u00abPikler\u00bb, basado en el desarrollo motriz y ps\u00edquico del ni\u00f1o, a trav\u00e9s del respecto, la seguridad y la autonom\u00eda como pilares bases, donde el adulto no interviene, sino simplemente que acompa\u00f1a y gu\u00eda al ni\u00f1o\u201d, finaliz\u00f3 la Autoridad.<\/p>\n<p>&nbsp;<\/p>\n","protected":false},"excerpt":{"rendered":"<p>Fue un momento emotivo y especial para la comunidad educativa del jard\u00edn infantil \u201cVerito Cortes Alcayaga\u201d de Vallenar, ya que en su establecimiento se conmemoraba&hellip; <\/p>\n","protected":false},"author":2,"featured_media":9524,"comment_status":"open","ping_status":"closed","sticky":false,"template":"","format":"standard","meta":{"footnotes":""},"categories":[2],"tags":[],"class_list":["post-9523","post","type-post","status-publish","format-standard","has-post-thumbnail","hentry","category-vallenar"],"_links":{"self":[{"href":"https:\/\/www.radioamigavallenar.cl\/index.php?rest_route=\/wp\/v2\/posts\/9523","targetHints":{"allow":["GET"]}}],"collection":[{"href":"https:\/\/www.radioamigavallenar.cl\/index.php?rest_route=\/wp\/v2\/posts"}],"about":[{"href":"https:\/\/www.radioamigavallenar.cl\/index.php?rest_route=\/wp\/v2\/types\/post"}],"author":[{"embeddable":true,"href":"https:\/\/www.radioamigavallenar.cl\/index.php?rest_route=\/wp\/v2\/users\/2"}],"replies":[{"embeddable":true,"href":"https:\/\/www.radioamigavallenar.cl\/index.php?rest_route=%2Fwp%2Fv2%2Fcomments&post=9523"}],"version-history":[{"count":0,"href":"https:\/\/www.radioamigavallenar.cl\/index.php?rest_route=\/wp\/v2\/posts\/9523\/revisions"}],"wp:featuredmedia":[{"embeddable":true,"href":"https:\/\/www.radioamigavallenar.cl\/index.php?rest_route=\/wp\/v2\/media\/9524"}],"wp:attachment":[{"href":"https:\/\/www.radioamigavallenar.cl\/index.php?rest_route=%2Fwp%2Fv2%2Fmedia&parent=9523"}],"wp:term":[{"taxonomy":"category","embeddable":true,"href":"https:\/\/www.radioamigavallenar.cl\/index.php?rest_route=%2Fwp%2Fv2%2Fcategories&post=9523"},{"taxonomy":"post_tag","embeddable":true,"href":"https:\/\/www.radioamigavallenar.cl\/index.php?rest_route=%2Fwp%2Fv2%2Ftags&post=9523"}],"curies":[{"name":"wp","href":"https:\/\/api.w.org\/{rel}","templated":true}]}}