{"id":9515,"date":"2018-04-24T08:10:28","date_gmt":"2018-04-24T11:10:28","guid":{"rendered":"http:\/\/www.radioamigavallenar.cl\/?p=9515"},"modified":"2018-04-24T08:10:28","modified_gmt":"2018-04-24T11:10:28","slug":"consejero-santana-pide-abrir-nuevos-cupos-de-equidad-para-estudiar-medicina-en-la-uda","status":"publish","type":"post","link":"https:\/\/www.radioamigavallenar.cl\/?p=9515","title":{"rendered":"Consejero Santana pide abrir nuevos cupos de equidad para estudiar medicina en la UDA"},"content":{"rendered":"<p style=\"font-weight: 400; text-align: center;\"><a href=\"http:\/\/www.radioamigavallenar.cl\/wp-content\/uploads\/2018\/04\/Juan-Horacio-Santana.jpg\"><img loading=\"lazy\" decoding=\"async\" class=\"alignnone size-medium wp-image-9516\" src=\"http:\/\/www.radioamigavallenar.cl\/wp-content\/uploads\/2018\/04\/Juan-Horacio-Santana-300x217.jpg\" alt=\"Juan Horacio Santana\" width=\"300\" height=\"217\" srcset=\"https:\/\/www.radioamigavallenar.cl\/wp-content\/uploads\/2018\/04\/Juan-Horacio-Santana-300x217.jpg 300w, https:\/\/www.radioamigavallenar.cl\/wp-content\/uploads\/2018\/04\/Juan-Horacio-Santana.jpg 700w\" sizes=\"auto, (max-width: 300px) 100vw, 300px\" \/><\/a><\/p>\n<p style=\"font-weight: 400; text-align: justify;\">El consejero regional Juan Horacio Santana solicit\u00f3 al Decano de la Facultad de Medicina de la Universidad de Atacama, Mario Castro Hern\u00e1ndez, abrir nuevos cupos de equidad para estudiantes de liceos municipales vulnerables de la regi\u00f3n de Atacama.<\/p>\n<p style=\"font-weight: 400; text-align: justify;\">Santana hizo este planteamiento en el marco de la exposici\u00f3n que realiz\u00f3 el decano de la UDA, en la \u00faltima sesi\u00f3n del Consejo Regional de Atacama, quien fue invitado a informar respecto del estado de avance del proyecto de implementaci\u00f3n de la carrera de Medicina en la regi\u00f3n.<\/p>\n<p style=\"font-weight: 400; text-align: justify;\">Respecto del tema, el facultativo de esta nueva carrera entreg\u00f3 un detallado informe de los equipos adquiridos con los recursos FNDR aprobados por el Consejo Regional y tambi\u00e9n exhibi\u00f3 la maqueta virtual con la que trabajar\u00e1n los futuros profesionales.<\/p>\n<p style=\"font-weight: 400; text-align: justify;\">Del mismo modo, el decano destac\u00f3 el inter\u00e9s de los 38 j\u00f3venes de esta primera generaci\u00f3n con altos puntajes que ingres\u00f3 a la carrera de Medicina en la Universidad Regional. Tambi\u00e9n, manifest\u00f3 su agrado de cumplir esta trascendental tarea que tiene como objetivo fundamental disponer en el futuro, de una mayor oferta de profesionales m\u00e9dicos para las comunidades de Atacama.<\/p>\n<p style=\"font-weight: 400; text-align: justify;\">Fue precisamente con respecto al tema de los altos puntajes que llam\u00f3 la atenci\u00f3n del consejero Santana, para consultar cu\u00e1ntos de estos estudiantes de la primera generaci\u00f3n, son de liceos municipales de la regi\u00f3n y si de estos ingresaron alumnos de liceos vulnerables -a trav\u00e9s del programa gubernamental (PACE) que permite el ingreso a la Universidad a los buenos alumnos de liceos municipales, sin considerar la PSU y de esta forma lograr cumplir un plan especial acad\u00e9mico que se les aplica.<\/p>\n<p style=\"font-weight: 400; text-align: justify;\">Seg\u00fan lo manifestado por el decano una alumna de la comuna de Diego de Almagro ingres\u00f3 a trav\u00e9s de este mecanismo, lo cual es tremendamente valioso, pero que necesita ser fortalecido y multiplicado, coment\u00f3 el consejero Santana.<\/p>\n<p style=\"font-weight: 400; text-align: justify;\">Es dentro de este contexto, que el consejero Juan Horacio Santana, solicit\u00f3 al Decano que se estudie esta situaci\u00f3n y que la UDA, asegure para los pr\u00f3ximos a\u00f1os una cantidad de cupos para estudiantes con notas sobresalientes de liceos municipales, que tienen el sue\u00f1o de estudiar la carrera de Medicina.<\/p>\n<p style=\"font-weight: 400; text-align: justify;\">Del mismo modo, en la sesi\u00f3n del Consejo Regional, se coincidi\u00f3 en la importancia de llevar adelante iniciativas que incentiven la permanencia y residencia de estos futuros profesionales en la zona, de manera tal que cuando se cumpla el per\u00edodo de formaci\u00f3n -como m\u00e9dicos cirujanos- opten por alguno de los servicios p\u00fablicos de la regi\u00f3n de Atacama.<\/p>\n<p style=\"font-weight: 400; text-align: justify;\">Por su parte, el Decano de la Facultad de Medicina de la Universidad de Atacama, Mario Castro Hern\u00e1ndez, junto con compartir las inquietudes, manifest\u00f3 que todas ellas deben ser socializadas en los niveles m\u00e1s altos de la Universidad.<\/p>\n","protected":false},"excerpt":{"rendered":"<p>El consejero regional Juan Horacio Santana solicit\u00f3 al Decano de la Facultad de Medicina de la Universidad de Atacama, Mario Castro Hern\u00e1ndez, abrir nuevos cupos&hellip; <\/p>\n","protected":false},"author":2,"featured_media":9516,"comment_status":"open","ping_status":"closed","sticky":false,"template":"","format":"standard","meta":{"footnotes":""},"categories":[2],"tags":[],"class_list":["post-9515","post","type-post","status-publish","format-standard","has-post-thumbnail","hentry","category-vallenar"],"_links":{"self":[{"href":"https:\/\/www.radioamigavallenar.cl\/index.php?rest_route=\/wp\/v2\/posts\/9515","targetHints":{"allow":["GET"]}}],"collection":[{"href":"https:\/\/www.radioamigavallenar.cl\/index.php?rest_route=\/wp\/v2\/posts"}],"about":[{"href":"https:\/\/www.radioamigavallenar.cl\/index.php?rest_route=\/wp\/v2\/types\/post"}],"author":[{"embeddable":true,"href":"https:\/\/www.radioamigavallenar.cl\/index.php?rest_route=\/wp\/v2\/users\/2"}],"replies":[{"embeddable":true,"href":"https:\/\/www.radioamigavallenar.cl\/index.php?rest_route=%2Fwp%2Fv2%2Fcomments&post=9515"}],"version-history":[{"count":0,"href":"https:\/\/www.radioamigavallenar.cl\/index.php?rest_route=\/wp\/v2\/posts\/9515\/revisions"}],"wp:featuredmedia":[{"embeddable":true,"href":"https:\/\/www.radioamigavallenar.cl\/index.php?rest_route=\/wp\/v2\/media\/9516"}],"wp:attachment":[{"href":"https:\/\/www.radioamigavallenar.cl\/index.php?rest_route=%2Fwp%2Fv2%2Fmedia&parent=9515"}],"wp:term":[{"taxonomy":"category","embeddable":true,"href":"https:\/\/www.radioamigavallenar.cl\/index.php?rest_route=%2Fwp%2Fv2%2Fcategories&post=9515"},{"taxonomy":"post_tag","embeddable":true,"href":"https:\/\/www.radioamigavallenar.cl\/index.php?rest_route=%2Fwp%2Fv2%2Ftags&post=9515"}],"curies":[{"name":"wp","href":"https:\/\/api.w.org\/{rel}","templated":true}]}}