{"id":9512,"date":"2018-04-24T07:30:33","date_gmt":"2018-04-24T10:30:33","guid":{"rendered":"http:\/\/www.radioamigavallenar.cl\/?p=9512"},"modified":"2018-04-24T08:05:19","modified_gmt":"2018-04-24T11:05:19","slug":"plataforma-ips-en-vallenar-apoyara-proceso-de-regularizacion-de-los-migrantes-en-el-territorio","status":"publish","type":"post","link":"https:\/\/www.radioamigavallenar.cl\/?p=9512","title":{"rendered":"Plataforma IPS en Vallenar apoyar\u00e1 proceso de regularizaci\u00f3n de los migrantes en el territorio"},"content":{"rendered":"<p style=\"text-align: center;\"><a href=\"http:\/\/www.radioamigavallenar.cl\/wp-content\/uploads\/2018\/04\/Inmigracion-Huasco.jpg\"><img loading=\"lazy\" decoding=\"async\" class=\"alignnone size-medium wp-image-9513\" src=\"http:\/\/www.radioamigavallenar.cl\/wp-content\/uploads\/2018\/04\/Inmigracion-Huasco-300x200.jpg\" alt=\"Inmigracion Huasco\" width=\"300\" height=\"200\" srcset=\"https:\/\/www.radioamigavallenar.cl\/wp-content\/uploads\/2018\/04\/Inmigracion-Huasco-300x200.jpg 300w, https:\/\/www.radioamigavallenar.cl\/wp-content\/uploads\/2018\/04\/Inmigracion-Huasco.jpg 700w\" sizes=\"auto, (max-width: 300px) 100vw, 300px\" \/><\/a><\/p>\n<p style=\"text-align: justify;\">Una vista a las dependencias de la plataforma Chile Atiende IPS, ubicada en Vallenar, realiz\u00f3\u00a0 el gobernador de la Provincia del Huasco, Patricio Urquieta, con el objeto de constatar el proceso de registro de la ley de migraci\u00f3n.<\/p>\n<p style=\"text-align: justify;\">\u201cComo Gobierno, y por especial encargo del Presidente Sebasti\u00e1n Pi\u00f1era, hemos estado preocupados de la situaci\u00f3n de los migrantes en nuestro pa\u00eds. Ya para ello se ha iniciado un reforzamiento en el proceso que se est\u00e1 llevando a cabo, queremos un migraci\u00f3n ordenada, segura y regular para darle un trato justo a quienes est\u00e1n llegando al pa\u00eds y un trato digno y humano con todos aquellos que est\u00e1n buscando una oportunidad de desarrollo en nuestro pa\u00eds\u201d, es por ello que \u201cQueremos recibirlos y acogerlos en la medida que vengan a aportar y tengan su situaci\u00f3n documental al d\u00eda\u201d, indic\u00f3.<\/p>\n<p style=\"text-align: justify;\">Valentino Obreg\u00f3n un inmigrante colombiano, manifest\u00f3 su satisfacci\u00f3n \u201csobre todo para muchos de nosotros que nos encontramos en situaci\u00f3n irregular en el pa\u00eds, vamos a tener la oportunidad de legalizar nuestra situaci\u00f3n aqu\u00ed y tener una mejor vida\u201d, expres\u00f3.<\/p>\n<p style=\"text-align: justify;\">En tanto el jefe de la oficina local de Chile Atiende IPS, David Mar\u00edn, destac\u00f3 que est\u00e1n dadas las garant\u00edas para llevar a cabo un\u00a0 buen proceso: \u201cNosotros ya hemos probado los sistemas operativos, contamos con tres m\u00f3dulos de atenci\u00f3n a disposici\u00f3n de los extranjeros que requieran realizar este tr\u00e1mite, en la Provincia del Huasco\u201d, en primera instancia se est\u00e1 solo trabajando en la comuna de Vallenar, horario de atenci\u00f3n desde las 08:30 a 15:00 horas, sin embargo, en la medida que aumente el flujo de atenci\u00f3n se podr\u00eda extender hasta las 17 horas.<\/p>\n<p style=\"text-align: justify;\">El Presidente de la Rep\u00fablica anunci\u00f3 la creaci\u00f3n de un Consejo de Pol\u00edtica Migratoria para formular y actualizar en forma peri\u00f3dica una pol\u00edtica migratoria transparente y de ese modo integrar a los migrantes en educaci\u00f3n, salud y vivienda. Asimismo, un Servicio Nacional de Migraciones que se encargar\u00e1 de conducir la pol\u00edtica migratoria del Gobierno y llevar un registro de informaci\u00f3n relevante de los extranjeros, su identificaci\u00f3n y categor\u00edas migratorias.<\/p>\n<p style=\"text-align: justify;\">Sobre el particular se ha iniciado un proceso gradual de regularizaci\u00f3n extraordinario para \u201cregularizar a aquellos extranjeros que permanezcan en el pa\u00eds en situaci\u00f3n irregular y que hayan ingresado a Chile antes del 8 de abril de 2018\u201d.<\/p>\n<p style=\"text-align: justify;\">El lunes 23 de abril comenz\u00f3 dicho proceso, los extranjeros que se encuentran en Chile y hayan ingresado por pasos fronterizos no habilitados, tienen hasta el 23 de mayo para regularizar su situaci\u00f3n.<\/p>\n<p style=\"text-align: justify;\">En el caso de los que ingresaron al pa\u00eds por pasos habilitados, pueden realizar el tr\u00e1mite desde el 23 de abril hasta el 22 de julio.<\/p>\n<p style=\"text-align: justify;\">Se estima que al menos\u00a0 300 mil extranjeros regularizar\u00e1n su situaci\u00f3n.<\/p>\n<p style=\"text-align: justify;\"><strong>Plan de reforzamiento<\/strong><\/p>\n<p style=\"text-align: justify;\">El Gobierno, a trav\u00e9s de la subsecretar\u00eda del Interior, anunci\u00f3 un plan de reforzamiento para el tr\u00e1mite.<\/p>\n<p style=\"text-align: justify;\">Seg\u00fan se\u00a0 inform\u00f3, se pretende incrementar\u00a0 en un 380% los puntos de atenci\u00f3n a nivel nacional, lo que se traduce en la implementaci\u00f3n de 217 nuevos puntos, adem\u00e1s de ocho centros m\u00f3viles.<\/p>\n<p style=\"text-align: justify;\">En la provincia del Huasco, los puntos de atenci\u00f3n se encuentran habilitados en Plataforma Chile Atiende IPS y la Gobernaci\u00f3n Provincial del Huasco.<\/p>\n","protected":false},"excerpt":{"rendered":"<p>Una vista a las dependencias de la plataforma Chile Atiende IPS, ubicada en Vallenar, realiz\u00f3\u00a0 el gobernador de la Provincia del Huasco, Patricio Urquieta, con&hellip; <\/p>\n","protected":false},"author":2,"featured_media":9513,"comment_status":"open","ping_status":"closed","sticky":false,"template":"","format":"standard","meta":{"footnotes":""},"categories":[2],"tags":[],"class_list":["post-9512","post","type-post","status-publish","format-standard","has-post-thumbnail","hentry","category-vallenar"],"_links":{"self":[{"href":"https:\/\/www.radioamigavallenar.cl\/index.php?rest_route=\/wp\/v2\/posts\/9512","targetHints":{"allow":["GET"]}}],"collection":[{"href":"https:\/\/www.radioamigavallenar.cl\/index.php?rest_route=\/wp\/v2\/posts"}],"about":[{"href":"https:\/\/www.radioamigavallenar.cl\/index.php?rest_route=\/wp\/v2\/types\/post"}],"author":[{"embeddable":true,"href":"https:\/\/www.radioamigavallenar.cl\/index.php?rest_route=\/wp\/v2\/users\/2"}],"replies":[{"embeddable":true,"href":"https:\/\/www.radioamigavallenar.cl\/index.php?rest_route=%2Fwp%2Fv2%2Fcomments&post=9512"}],"version-history":[{"count":0,"href":"https:\/\/www.radioamigavallenar.cl\/index.php?rest_route=\/wp\/v2\/posts\/9512\/revisions"}],"wp:featuredmedia":[{"embeddable":true,"href":"https:\/\/www.radioamigavallenar.cl\/index.php?rest_route=\/wp\/v2\/media\/9513"}],"wp:attachment":[{"href":"https:\/\/www.radioamigavallenar.cl\/index.php?rest_route=%2Fwp%2Fv2%2Fmedia&parent=9512"}],"wp:term":[{"taxonomy":"category","embeddable":true,"href":"https:\/\/www.radioamigavallenar.cl\/index.php?rest_route=%2Fwp%2Fv2%2Fcategories&post=9512"},{"taxonomy":"post_tag","embeddable":true,"href":"https:\/\/www.radioamigavallenar.cl\/index.php?rest_route=%2Fwp%2Fv2%2Ftags&post=9512"}],"curies":[{"name":"wp","href":"https:\/\/api.w.org\/{rel}","templated":true}]}}