{"id":9450,"date":"2018-04-20T08:00:07","date_gmt":"2018-04-20T11:00:07","guid":{"rendered":"http:\/\/www.radioamigavallenar.cl\/?p=9450"},"modified":"2018-04-20T09:18:15","modified_gmt":"2018-04-20T12:18:15","slug":"seremi-deporte-entrega-felicitacions-a-taekwondista-copiapino","status":"publish","type":"post","link":"https:\/\/www.radioamigavallenar.cl\/?p=9450","title":{"rendered":"Seremi deporte entrega felicitacions a taekwondista copiapino"},"content":{"rendered":"<p style=\"text-align: justify;\"><a href=\"http:\/\/www.radioamigavallenar.cl\/wp-content\/uploads\/2018\/04\/Taekwondo-copiapo.jpg\"><img loading=\"lazy\" decoding=\"async\" class=\" size-medium wp-image-9451 aligncenter\" src=\"http:\/\/www.radioamigavallenar.cl\/wp-content\/uploads\/2018\/04\/Taekwondo-copiapo-300x200.jpg\" alt=\"Taekwondo copiapo\" width=\"300\" height=\"200\" srcset=\"https:\/\/www.radioamigavallenar.cl\/wp-content\/uploads\/2018\/04\/Taekwondo-copiapo-300x200.jpg 300w, https:\/\/www.radioamigavallenar.cl\/wp-content\/uploads\/2018\/04\/Taekwondo-copiapo.jpg 700w\" sizes=\"auto, (max-width: 300px) 100vw, 300px\" \/><\/a><\/p>\n<p style=\"text-align: justify;\">En el Polideportivo Karen Gallardo Pinto, una figura espigada destaca en los entrenamientos habituales de los taekwondistas que son parte del Centro de Entrenamiento Regional del Ministerio del Deporte y que ejecuta el IND Atacama: el seleccionado nacional juvenil, Luciano Gonz\u00e1lez Bord\u00f3n ya est\u00e1 en Copiap\u00f3 luego de su participaci\u00f3n en el Torneo Clasificatorio para los Juegos Ol\u00edmpicos de la Juventud y en el Mundial Juvenil de Taekwondo, ambos realizados en T\u00fanez.<\/p>\n<p style=\"text-align: justify;\">Desde el a\u00f1o pasado, Luciano entrena habitualmente con la selecci\u00f3n chilena juvenil, y ha obtenido importantes logros como la presea dorada del Open de Argentina y las medallas de plata en los II Juegos Suramericanos de la Juventud Santiago 2017 y de\u00a0bronce en el US Open de Taekwondo, realizado en Las Vegas a fines de enero, entre otros. Todos estos m\u00e9ritos lo llevaron hasta T\u00fanez, donde se ubic\u00f3 en la ronda de los 16 mejores en el Clasificatorio y en el Mundial cay\u00f3 en primera ronda ante el egipcio Abdelrahman Elsayed.<\/p>\n<p style=\"text-align: justify;\">Este mi\u00e9rcoles, el Seremi del Deporte Guillermo Procuriza, acompa\u00f1\u00f3 a los deportistas en su entrenamiento para los pr\u00f3ximos JUDEJUT y felicit\u00f3 a Luciano que reci\u00e9n se est\u00e1 integrando a las pr\u00e1cticas luego de sus competencias internacionales: \u201cEstamos muy orgullosos por tu participaci\u00f3n en el Mundial Juvenil porque estos logros han sido fruto de tu esfuerzo y dedicaci\u00f3n, el apoyo \u00a0de tu familia, como tambi\u00e9n ser parte del Centro de Entrenamiento Regional y de ser beneficiario de la Beca del Team Atacama del Gobierno Regional\u201d.<\/p>\n<p style=\"text-align: justify;\">Por su parte, el deportista agradeci\u00f3 las felicitaciones y explic\u00f3 c\u00f3mo fue su experiencia en T\u00fanez: \u201cFue genial haber asistido a un Mundial. La experiencia fue incre\u00edble y tambi\u00e9n me di cuenta del nivel que tienen las potencias de este deporte como ahora es Egipto. A nivel Sudamericano y de Centro Am\u00e9rica tengo un buen nivel, pero me queda mucho por avanzar para estar a nivel mundial\u201d.<\/p>\n","protected":false},"excerpt":{"rendered":"<p>En el Polideportivo Karen Gallardo Pinto, una figura espigada destaca en los entrenamientos habituales de los taekwondistas que son parte del Centro de Entrenamiento Regional&hellip; <\/p>\n","protected":false},"author":2,"featured_media":9451,"comment_status":"open","ping_status":"closed","sticky":false,"template":"","format":"standard","meta":{"footnotes":""},"categories":[8],"tags":[],"class_list":["post-9450","post","type-post","status-publish","format-standard","has-post-thumbnail","hentry","category-deportes"],"_links":{"self":[{"href":"https:\/\/www.radioamigavallenar.cl\/index.php?rest_route=\/wp\/v2\/posts\/9450","targetHints":{"allow":["GET"]}}],"collection":[{"href":"https:\/\/www.radioamigavallenar.cl\/index.php?rest_route=\/wp\/v2\/posts"}],"about":[{"href":"https:\/\/www.radioamigavallenar.cl\/index.php?rest_route=\/wp\/v2\/types\/post"}],"author":[{"embeddable":true,"href":"https:\/\/www.radioamigavallenar.cl\/index.php?rest_route=\/wp\/v2\/users\/2"}],"replies":[{"embeddable":true,"href":"https:\/\/www.radioamigavallenar.cl\/index.php?rest_route=%2Fwp%2Fv2%2Fcomments&post=9450"}],"version-history":[{"count":0,"href":"https:\/\/www.radioamigavallenar.cl\/index.php?rest_route=\/wp\/v2\/posts\/9450\/revisions"}],"wp:featuredmedia":[{"embeddable":true,"href":"https:\/\/www.radioamigavallenar.cl\/index.php?rest_route=\/wp\/v2\/media\/9451"}],"wp:attachment":[{"href":"https:\/\/www.radioamigavallenar.cl\/index.php?rest_route=%2Fwp%2Fv2%2Fmedia&parent=9450"}],"wp:term":[{"taxonomy":"category","embeddable":true,"href":"https:\/\/www.radioamigavallenar.cl\/index.php?rest_route=%2Fwp%2Fv2%2Fcategories&post=9450"},{"taxonomy":"post_tag","embeddable":true,"href":"https:\/\/www.radioamigavallenar.cl\/index.php?rest_route=%2Fwp%2Fv2%2Ftags&post=9450"}],"curies":[{"name":"wp","href":"https:\/\/api.w.org\/{rel}","templated":true}]}}