{"id":9362,"date":"2018-04-17T08:00:31","date_gmt":"2018-04-17T11:00:31","guid":{"rendered":"http:\/\/www.radioamigavallenar.cl\/?p=9362"},"modified":"2018-04-17T10:33:32","modified_gmt":"2018-04-17T13:33:32","slug":"audio-en-huasco-dirigentes-sindicales-presentaron-problematicas-a-seremi-de-trabajo","status":"publish","type":"post","link":"https:\/\/www.radioamigavallenar.cl\/?p=9362","title":{"rendered":"(AUDIO) en Huasco dirigentes sindicales presentaron problem\u00e1ticas a Seremi de Trabajo"},"content":{"rendered":"<p style=\"text-align: center;\"><a href=\"http:\/\/www.radioamigavallenar.cl\/wp-content\/uploads\/2018\/04\/seremi-trabajo.jpg\"><img loading=\"lazy\" decoding=\"async\" class=\"alignnone size-medium wp-image-9363\" src=\"http:\/\/www.radioamigavallenar.cl\/wp-content\/uploads\/2018\/04\/seremi-trabajo-300x169.jpg\" alt=\"seremi trabajo\" width=\"300\" height=\"169\" srcset=\"https:\/\/www.radioamigavallenar.cl\/wp-content\/uploads\/2018\/04\/seremi-trabajo-300x169.jpg 300w, https:\/\/www.radioamigavallenar.cl\/wp-content\/uploads\/2018\/04\/seremi-trabajo.jpg 700w\" sizes=\"auto, (max-width: 300px) 100vw, 300px\" \/><\/a><\/p>\n<p style=\"text-align: justify;\">Con el objetivo de realizar un diagn\u00f3stico y de conocer de primera fuente las principales demandas problem\u00e1ticas de los trabajadores, el Seremi del Trabajo y Previsi\u00f3n social, Carlos Leal, se reuni\u00f3 con diferentes dirigentes sindicales de la provincia de Huasco.<\/p>\n<p style=\"text-align: justify;\">En la ocasi\u00f3n la autoridad laboral propuso establecer canales de informaci\u00f3n de forma directa con los representantes de los trabajadores y empleadores con la presencia del gobierno, adem\u00e1s de crear una agenda de trabajo peri\u00f3dica priorizando temas relevantes de la realidad local.<\/p>\n<p style=\"text-align: justify;\">Al respecto el Seremi del Trabajo, Carlos Leal, manifest\u00f3 que \u201cfue una instancia muy buena, toda vez que los sindicatos estuvieron llanos a mantener una mesa de trabajo cada 60 d\u00edas donde abordaremos los principales temas que nos preocupan como la contrataci\u00f3n de mano de obra local y la capacitaci\u00f3n a trav\u00e9s de Sence, para que \u00e9stas sean focalizadas en virtud de la realidad local para que traigan como consecuencia una mejor \u00a0inserci\u00f3n laboral\u201d.<\/p>\n<audio class=\"wp-audio-shortcode\" id=\"audio-9362-1\" preload=\"none\" style=\"width: 100%;\" controls=\"controls\"><source type=\"audio\/mpeg\" src=\"http:\/\/www.radioamigavallenar.cl\/wp-content\/uploads\/2018\/04\/Seremi-Huasco.mp3?_=1\" \/><a href=\"http:\/\/www.radioamigavallenar.cl\/wp-content\/uploads\/2018\/04\/Seremi-Huasco.mp3\">http:\/\/www.radioamigavallenar.cl\/wp-content\/uploads\/2018\/04\/Seremi-Huasco.mp3<\/a><\/audio>\n<p style=\"text-align: justify;\">\u201cAdem\u00e1s instamos a los trabajadores a mantener un di\u00e1logo tripartito entre trabajadores, empleadores y gobierno, lo cual es un llamado que ha hecho nuestro presidente Sebasti\u00e1n Pi\u00f1era y el ministro Nicol\u00e1s Monckeberg, lo quel fue recogido de buena manera por los sindicatos\u201d, agreg\u00f3 la autoridad laboral.<\/p>\n<p style=\"text-align: justify;\">Mientras que Hugo P\u00e1ez, miembro de la CUT provincial de Huasco, manifest\u00f3 su concordancia con lo expuesto por el Seremi y expres\u00f3 que \u201cesta instancia nos deja contentos y esto apunta a un di\u00e1logo tripartito, que es lo que siempre hemos deseado y lo que en definitiva nos va permitir avanzar en las diferentes tem\u00e1ticas, tanto empleadores, empresarios y el gobierno\u201d.<\/p>\n<p style=\"text-align: justify;\">\u201cEn definitiva nos deja contentos esta reuni\u00f3n, pues est\u00e1 en concordancia con lo que nos plante\u00f3 el Ministro del Trabajo y lo que nos ha comentado el Seremi a los dirigentes en la provincia de Huasco, adem\u00e1s de seguir trabajando para destrabar algunos problemas y que pronto se pueda agilizar la econom\u00eda. A la vez estaremos muy atentos a las modificaciones que pueda tener Sence para poder tener capacitaciones acordes para los trabajadores de nuestra provincia\u201d.<\/p>\n<p style=\"text-align: justify;\">En la ocasi\u00f3n participaron representantes de trabajadores agrupados en la CUT provincial de Huasco, adem\u00e1s de sindicatos de Imopac, CMP planta de pellets,\u00a0 Alimex y sindicato n\u00b01 Los Colorados, entre otros.<\/p>\n<p style=\"text-align: justify;\">La agenda de trabajo de la autoridad laboral contempla reuniones con dirigentes sindicales del resto de la regi\u00f3n, adem\u00e1s de establecer di\u00e1logo con representantes de empleadores de diferentes sectores productivos de la zona.<\/p>\n","protected":false},"excerpt":{"rendered":"<p>Con el objetivo de realizar un diagn\u00f3stico y de conocer de primera fuente las principales demandas problem\u00e1ticas de los trabajadores, el Seremi del Trabajo y&hellip; <\/p>\n","protected":false},"author":2,"featured_media":9363,"comment_status":"open","ping_status":"closed","sticky":false,"template":"","format":"standard","meta":{"footnotes":""},"categories":[2],"tags":[],"class_list":["post-9362","post","type-post","status-publish","format-standard","has-post-thumbnail","hentry","category-vallenar"],"_links":{"self":[{"href":"https:\/\/www.radioamigavallenar.cl\/index.php?rest_route=\/wp\/v2\/posts\/9362","targetHints":{"allow":["GET"]}}],"collection":[{"href":"https:\/\/www.radioamigavallenar.cl\/index.php?rest_route=\/wp\/v2\/posts"}],"about":[{"href":"https:\/\/www.radioamigavallenar.cl\/index.php?rest_route=\/wp\/v2\/types\/post"}],"author":[{"embeddable":true,"href":"https:\/\/www.radioamigavallenar.cl\/index.php?rest_route=\/wp\/v2\/users\/2"}],"replies":[{"embeddable":true,"href":"https:\/\/www.radioamigavallenar.cl\/index.php?rest_route=%2Fwp%2Fv2%2Fcomments&post=9362"}],"version-history":[{"count":0,"href":"https:\/\/www.radioamigavallenar.cl\/index.php?rest_route=\/wp\/v2\/posts\/9362\/revisions"}],"wp:featuredmedia":[{"embeddable":true,"href":"https:\/\/www.radioamigavallenar.cl\/index.php?rest_route=\/wp\/v2\/media\/9363"}],"wp:attachment":[{"href":"https:\/\/www.radioamigavallenar.cl\/index.php?rest_route=%2Fwp%2Fv2%2Fmedia&parent=9362"}],"wp:term":[{"taxonomy":"category","embeddable":true,"href":"https:\/\/www.radioamigavallenar.cl\/index.php?rest_route=%2Fwp%2Fv2%2Fcategories&post=9362"},{"taxonomy":"post_tag","embeddable":true,"href":"https:\/\/www.radioamigavallenar.cl\/index.php?rest_route=%2Fwp%2Fv2%2Ftags&post=9362"}],"curies":[{"name":"wp","href":"https:\/\/api.w.org\/{rel}","templated":true}]}}