{"id":9355,"date":"2018-04-17T08:00:43","date_gmt":"2018-04-17T11:00:43","guid":{"rendered":"http:\/\/www.radioamigavallenar.cl\/?p=9355"},"modified":"2018-04-17T10:23:22","modified_gmt":"2018-04-17T13:23:22","slug":"audio-atacama-inicia-temporada-de-exportacion-de-granadas","status":"publish","type":"post","link":"https:\/\/www.radioamigavallenar.cl\/?p=9355","title":{"rendered":"(AUDIO) Atacama inicia temporada de exportaci\u00f3n de granadas"},"content":{"rendered":"<p style=\"text-align: center;\"><a href=\"http:\/\/www.radioamigavallenar.cl\/wp-content\/uploads\/2018\/04\/Exportacion-granadas.jpg\"><img loading=\"lazy\" decoding=\"async\" class=\"alignnone size-medium wp-image-9356\" src=\"http:\/\/www.radioamigavallenar.cl\/wp-content\/uploads\/2018\/04\/Exportacion-granadas-300x186.jpg\" alt=\"Exportacion granadas\" width=\"300\" height=\"186\" srcset=\"https:\/\/www.radioamigavallenar.cl\/wp-content\/uploads\/2018\/04\/Exportacion-granadas-300x186.jpg 300w, https:\/\/www.radioamigavallenar.cl\/wp-content\/uploads\/2018\/04\/Exportacion-granadas.jpg 700w\" sizes=\"auto, (max-width: 300px) 100vw, 300px\" \/><\/a><\/p>\n<p style=\"text-align: justify;\">En el packing agr\u00edcola de la empresa Unifrutti de Copiap\u00f3, autoridades regionales encabezadas por la Intendenta Berta Torres Licuime y representantes de la Asociaci\u00f3n de \u00a0Productores y Exportadores de Atacama (Apeco), dieron inicio a la temporada de exportaci\u00f3n de granadas. En los \u00faltimos a\u00f1os, este fruto ha posicionado a la regi\u00f3n\u00a0 como el principal exportador en Chile, con cifras que superan los 3 millones de d\u00f3lares. A su vez, esta producci\u00f3n agr\u00edcola permite generar m\u00e1s de 15.000 empleos directos en la regi\u00f3n, siendo uno de los sectores que m\u00e1s mano de obra ocupa.<\/p>\n<p style=\"text-align: justify;\">Tras conocer las l\u00edneas de producci\u00f3n y compartir con los trabajadores, la Intendenta Berta Torres expres\u00f3 \u201cChile est\u00e1 siendo pionero en la exportaci\u00f3n de granadas, ya que del mill\u00f3n de cajas que se exportan en el pa\u00eds, 600 mil son de la regi\u00f3n de Atacama; contamos con un clima maravilloso para el crecimiento y producci\u00f3n de este producto\u201d.<\/p>\n<audio class=\"wp-audio-shortcode\" id=\"audio-9355-1\" preload=\"none\" style=\"width: 100%;\" controls=\"controls\"><source type=\"audio\/mpeg\" src=\"http:\/\/www.radioamigavallenar.cl\/wp-content\/uploads\/2018\/04\/INTENDENTA-BERTA-TORRES.mp3?_=1\" \/><a href=\"http:\/\/www.radioamigavallenar.cl\/wp-content\/uploads\/2018\/04\/INTENDENTA-BERTA-TORRES.mp3\">http:\/\/www.radioamigavallenar.cl\/wp-content\/uploads\/2018\/04\/INTENDENTA-BERTA-TORRES.mp3<\/a><\/audio>\n<p style=\"text-align: justify;\">\u201cQuisiera destacar adem\u00e1s la preocupaci\u00f3n por mejorar e incorporar tecnolog\u00eda de punta, con el objetivo de aumentar la producci\u00f3n del producto e incorporar principalmente a mujeres a la fuerza laboral. Esto permite que las faenas agr\u00edcolas puedan ser consecutivas en el tiempo, prolongando de esta manera la cosecha y la mano de obra durante un tiempo. As\u00ed que s\u00f3lo felicitar a las empresas asociadas y a Unifrutti que tiene un packing maravilloso\u201d, destac\u00f3 la m\u00e1xima autoridad regional.<\/p>\n<p style=\"text-align: justify;\">Por su parte Lina Arrieta, presidenta de Apeco, destac\u00f3 \u201cqueremos mostrar con harto orgullo que no solamente producimos uvas en nuestro valle; \u00a0tambi\u00e9n tenemos\u00a0 granadas, los cuales son un producto de primera calidad y que se procesa en un packing que cuenta con todos los est\u00e1ndares que exigen nuestros mercados internacionales, principalmente\u00a0 Europa y Estados Unidos.<\/p>\n<p style=\"text-align: justify;\">Destacando adem\u00e1s, \u201choy d\u00eda estamos muy contestos porque nos acompa\u00f1\u00f3 nuestra Intendenta, Seremis y los gobernadores de Copiap\u00f3 y Cha\u00f1aral, a quienes les mostramos \u00a0lo que nuestro valle de Copiap\u00f3 ofrece. Nuestras granadas viajan desde Atacama al mundo con los m\u00e1s altos est\u00e1ndares de calidad e inocuidad a los mercados de destino\u201d.<\/p>\n","protected":false},"excerpt":{"rendered":"<p>En el packing agr\u00edcola de la empresa Unifrutti de Copiap\u00f3, autoridades regionales encabezadas por la Intendenta Berta Torres Licuime y representantes de la Asociaci\u00f3n de&hellip; <\/p>\n","protected":false},"author":2,"featured_media":9356,"comment_status":"open","ping_status":"closed","sticky":false,"template":"","format":"standard","meta":{"footnotes":""},"categories":[7],"tags":[],"class_list":["post-9355","post","type-post","status-publish","format-standard","has-post-thumbnail","hentry","category-atacama"],"_links":{"self":[{"href":"https:\/\/www.radioamigavallenar.cl\/index.php?rest_route=\/wp\/v2\/posts\/9355","targetHints":{"allow":["GET"]}}],"collection":[{"href":"https:\/\/www.radioamigavallenar.cl\/index.php?rest_route=\/wp\/v2\/posts"}],"about":[{"href":"https:\/\/www.radioamigavallenar.cl\/index.php?rest_route=\/wp\/v2\/types\/post"}],"author":[{"embeddable":true,"href":"https:\/\/www.radioamigavallenar.cl\/index.php?rest_route=\/wp\/v2\/users\/2"}],"replies":[{"embeddable":true,"href":"https:\/\/www.radioamigavallenar.cl\/index.php?rest_route=%2Fwp%2Fv2%2Fcomments&post=9355"}],"version-history":[{"count":0,"href":"https:\/\/www.radioamigavallenar.cl\/index.php?rest_route=\/wp\/v2\/posts\/9355\/revisions"}],"wp:featuredmedia":[{"embeddable":true,"href":"https:\/\/www.radioamigavallenar.cl\/index.php?rest_route=\/wp\/v2\/media\/9356"}],"wp:attachment":[{"href":"https:\/\/www.radioamigavallenar.cl\/index.php?rest_route=%2Fwp%2Fv2%2Fmedia&parent=9355"}],"wp:term":[{"taxonomy":"category","embeddable":true,"href":"https:\/\/www.radioamigavallenar.cl\/index.php?rest_route=%2Fwp%2Fv2%2Fcategories&post=9355"},{"taxonomy":"post_tag","embeddable":true,"href":"https:\/\/www.radioamigavallenar.cl\/index.php?rest_route=%2Fwp%2Fv2%2Ftags&post=9355"}],"curies":[{"name":"wp","href":"https:\/\/api.w.org\/{rel}","templated":true}]}}