{"id":9345,"date":"2018-04-17T07:00:47","date_gmt":"2018-04-17T10:00:47","guid":{"rendered":"http:\/\/www.radioamigavallenar.cl\/?p=9345"},"modified":"2018-04-17T10:06:41","modified_gmt":"2018-04-17T13:06:41","slug":"7-anos-de-carcel-para-autor-de-homicidio-en-tierra-amarilla","status":"publish","type":"post","link":"https:\/\/www.radioamigavallenar.cl\/?p=9345","title":{"rendered":"7 a\u00f1os de c\u00e1rcel para autor de homicidio en Tierra Amarilla"},"content":{"rendered":"<p style=\"text-align: justify;\"><a href=\"http:\/\/www.radioamigavallenar.cl\/wp-content\/uploads\/2018\/04\/lectura-senetencia.jpg\"><img loading=\"lazy\" decoding=\"async\" class=\" size-medium wp-image-9346 aligncenter\" src=\"http:\/\/www.radioamigavallenar.cl\/wp-content\/uploads\/2018\/04\/lectura-senetencia-300x191.jpg\" alt=\"lectura senetencia\" width=\"300\" height=\"191\" srcset=\"https:\/\/www.radioamigavallenar.cl\/wp-content\/uploads\/2018\/04\/lectura-senetencia-300x191.jpg 300w, https:\/\/www.radioamigavallenar.cl\/wp-content\/uploads\/2018\/04\/lectura-senetencia.jpg 700w\" sizes=\"auto, (max-width: 300px) 100vw, 300px\" \/><\/a><\/p>\n<p style=\"text-align: justify;\">El Tribunal de Juicio Oral en lo Penal de Copiap\u00f3 conden\u00f3\u00a0 a Francisco Javier Erazo Rojas a la pena efectiva de 7 a\u00f1os de presidio, en calidad de autor del delito consumado de homicidio simple. Il\u00edcito perpetrado en julio de 2017, en Tierra Amarilla.<\/p>\n<p style=\"text-align: justify;\">En fallo un\u00e1nime (causa rol 19-2018), el tribunal \u2013integrado por los magistrados Marcelo Mart\u00ednez (presidente), Mauricio Pizarro y Felipe Izquierdo (redactor)\u2013 aplic\u00f3, adem\u00e1s, a Erazo Rojas las accesorias legales de inhabilitaci\u00f3n absoluta perpetua para cargos y oficios p\u00fablicos y derechos pol\u00edticos, y la inhabilitaci\u00f3n absoluta para profesiones titulares mientras dure la condena.<\/p>\n<p style=\"text-align: justify;\">Una vez ejecutoriado el fallo, el tribunal dispuso que se proceda a la toma de muestras biol\u00f3gicas del sentenciado para determinar su huella gen\u00e9tica e inclusi\u00f3n en el registro nacional de ADN de condenados.<\/p>\n<p style=\"text-align: justify;\">Fallo que dio por acreditado, m\u00e1s all\u00e1 de toda duda razonable, que aproximadamente a las 17 horas del 8 de julio de 2017, en la ribera del r\u00edo Copiap\u00f3, a la altura de calle Margarita Rocco N\u00b0 499, en la comuna de Tierra Amarilla, Francisco Javier Erazo Rojas sostuvo una discusi\u00f3n que derivo en pelea con la v\u00edctima, Manuel Jes\u00fas Villal\u00f3n G\u00f3mez, encontr\u00e1ndose ambos bajo los efectos del alcohol.<\/p>\n<p style=\"text-align: justify;\">En dicho contexto, Erazo Rojas agredi\u00f3 a Villal\u00f3n G\u00f3mez, provocando que cayera al lecho del r\u00edo, manteniendo el condenado sumergida la cabeza de la v\u00edctima en el agua hasta provocar su muerte por asfixia por inmersi\u00f3n.<\/p>\n","protected":false},"excerpt":{"rendered":"<p>El Tribunal de Juicio Oral en lo Penal de Copiap\u00f3 conden\u00f3\u00a0 a Francisco Javier Erazo Rojas a la pena efectiva de 7 a\u00f1os de presidio,&hellip; <\/p>\n","protected":false},"author":2,"featured_media":9346,"comment_status":"open","ping_status":"closed","sticky":false,"template":"","format":"standard","meta":{"footnotes":""},"categories":[6],"tags":[],"class_list":["post-9345","post","type-post","status-publish","format-standard","has-post-thumbnail","hentry","category-policial"],"_links":{"self":[{"href":"https:\/\/www.radioamigavallenar.cl\/index.php?rest_route=\/wp\/v2\/posts\/9345","targetHints":{"allow":["GET"]}}],"collection":[{"href":"https:\/\/www.radioamigavallenar.cl\/index.php?rest_route=\/wp\/v2\/posts"}],"about":[{"href":"https:\/\/www.radioamigavallenar.cl\/index.php?rest_route=\/wp\/v2\/types\/post"}],"author":[{"embeddable":true,"href":"https:\/\/www.radioamigavallenar.cl\/index.php?rest_route=\/wp\/v2\/users\/2"}],"replies":[{"embeddable":true,"href":"https:\/\/www.radioamigavallenar.cl\/index.php?rest_route=%2Fwp%2Fv2%2Fcomments&post=9345"}],"version-history":[{"count":0,"href":"https:\/\/www.radioamigavallenar.cl\/index.php?rest_route=\/wp\/v2\/posts\/9345\/revisions"}],"wp:featuredmedia":[{"embeddable":true,"href":"https:\/\/www.radioamigavallenar.cl\/index.php?rest_route=\/wp\/v2\/media\/9346"}],"wp:attachment":[{"href":"https:\/\/www.radioamigavallenar.cl\/index.php?rest_route=%2Fwp%2Fv2%2Fmedia&parent=9345"}],"wp:term":[{"taxonomy":"category","embeddable":true,"href":"https:\/\/www.radioamigavallenar.cl\/index.php?rest_route=%2Fwp%2Fv2%2Fcategories&post=9345"},{"taxonomy":"post_tag","embeddable":true,"href":"https:\/\/www.radioamigavallenar.cl\/index.php?rest_route=%2Fwp%2Fv2%2Ftags&post=9345"}],"curies":[{"name":"wp","href":"https:\/\/api.w.org\/{rel}","templated":true}]}}