{"id":9340,"date":"2018-04-14T09:00:50","date_gmt":"2018-04-14T12:00:50","guid":{"rendered":"http:\/\/www.radioamigavallenar.cl\/?p=9340"},"modified":"2018-04-14T11:30:22","modified_gmt":"2018-04-14T14:30:22","slug":"corporacion-de-agricultores-del-pueblo-de-san-fernando-dieron-cierre-a-fondos-ffoip","status":"publish","type":"post","link":"https:\/\/www.radioamigavallenar.cl\/?p=9340","title":{"rendered":"Corporaci\u00f3n de Agricultores del Pueblo de San Fernando dieron cierre a fondos FFOIP"},"content":{"rendered":"<p style=\"text-align: center;\"><a href=\"http:\/\/www.radioamigavallenar.cl\/wp-content\/uploads\/2018\/04\/fondo-de-fortalecimiento.jpg\"><img loading=\"lazy\" decoding=\"async\" class=\"alignnone size-medium wp-image-9341\" src=\"http:\/\/www.radioamigavallenar.cl\/wp-content\/uploads\/2018\/04\/fondo-de-fortalecimiento-300x225.jpg\" alt=\"fondo de fortalecimiento\" width=\"300\" height=\"225\" srcset=\"https:\/\/www.radioamigavallenar.cl\/wp-content\/uploads\/2018\/04\/fondo-de-fortalecimiento-300x225.jpg 300w, https:\/\/www.radioamigavallenar.cl\/wp-content\/uploads\/2018\/04\/fondo-de-fortalecimiento.jpg 700w\" sizes=\"auto, (max-width: 300px) 100vw, 300px\" \/><\/a><\/p>\n<p style=\"text-align: justify;\">Un almuerzo al m\u00e1s puro estilo chileno, con las m\u00e1s variadas preparaciones realizadas en horno de barro, fue el escenario escogido para el cierre del FFOIP (Fondos De Fortalecimiento para Organizaciones de Inter\u00e9s P\u00fablico) de la Corporaci\u00f3n de Agricultores del Pueblo de San Fernando.<\/p>\n<p style=\"text-align: justify;\">El Gobernador de la Provincia de Copiap\u00f3, Manuel Corrales, junto a la Seremi de Gobierno, Sof\u00eda \u00c1valos, y m\u00e1s de 50 asistentes dieron por finalizado el programa que financia dicha Seremi y que adjudic\u00f3 2 millones de pesos a esta organizaci\u00f3n y a otras 23 de la regi\u00f3n, con el objetivo principal de fortalecer las tradiciones en la artesan\u00eda campesina y as\u00ed rescatar parte de las costumbres rurales del pa\u00eds.<\/p>\n<p style=\"text-align: justify;\">Al respecto la Seremi \u00c1valos se mostr\u00f3 muy contenta con la actividad y resalt\u00f3 la importancia de este programa \u201cestos fondos son de gran ayuda para que las organizaciones puedan reafirmar su identidad y sus tradiciones a trav\u00e9s de distintas iniciativas. En esta oportunidad la escogida fue la construcci\u00f3n de un horno de barro en la sede de la Corporaci\u00f3n de Agricultores del Pueblo de San Fernando\u201d, se\u00f1al\u00f3.<\/p>\n<p style=\"text-align: justify;\">Por su parte Sonia Caminada, Presidenta de la Corporaci\u00f3n, manifest\u00f3 su alegr\u00eda por este logro \u201ceste fondo viene a cimentar a nuestra organizaci\u00f3n, ya que pudimos comprar equipamiento de oficina para poder funcionar mejor y construir el horno de barro que se utilizar\u00e1 principalmente para elaborar productos para vender a nuestros vecinos y as\u00ed generar recursos y solventar los gastos fijos de la sede\u201d. Adem\u00e1s, destac\u00f3 la cercan\u00eda de las autoridades que llegaron hasta la sede para participar de la ceremonia de cierre del proyecto \u201cquedamos muy sorprendidos con la asistencia de las autoridades ya que sentimos que es muy importante que ellas se muestren cercanas y empaticen con la gente que les entreg\u00f3 su voto\u201d, enfatiz\u00f3 Caminada.<\/p>\n","protected":false},"excerpt":{"rendered":"<p>Un almuerzo al m\u00e1s puro estilo chileno, con las m\u00e1s variadas preparaciones realizadas en horno de barro, fue el escenario escogido para el cierre del&hellip; <\/p>\n","protected":false},"author":2,"featured_media":9341,"comment_status":"open","ping_status":"closed","sticky":false,"template":"","format":"standard","meta":{"footnotes":""},"categories":[7],"tags":[],"class_list":["post-9340","post","type-post","status-publish","format-standard","has-post-thumbnail","hentry","category-atacama"],"_links":{"self":[{"href":"https:\/\/www.radioamigavallenar.cl\/index.php?rest_route=\/wp\/v2\/posts\/9340","targetHints":{"allow":["GET"]}}],"collection":[{"href":"https:\/\/www.radioamigavallenar.cl\/index.php?rest_route=\/wp\/v2\/posts"}],"about":[{"href":"https:\/\/www.radioamigavallenar.cl\/index.php?rest_route=\/wp\/v2\/types\/post"}],"author":[{"embeddable":true,"href":"https:\/\/www.radioamigavallenar.cl\/index.php?rest_route=\/wp\/v2\/users\/2"}],"replies":[{"embeddable":true,"href":"https:\/\/www.radioamigavallenar.cl\/index.php?rest_route=%2Fwp%2Fv2%2Fcomments&post=9340"}],"version-history":[{"count":0,"href":"https:\/\/www.radioamigavallenar.cl\/index.php?rest_route=\/wp\/v2\/posts\/9340\/revisions"}],"wp:featuredmedia":[{"embeddable":true,"href":"https:\/\/www.radioamigavallenar.cl\/index.php?rest_route=\/wp\/v2\/media\/9341"}],"wp:attachment":[{"href":"https:\/\/www.radioamigavallenar.cl\/index.php?rest_route=%2Fwp%2Fv2%2Fmedia&parent=9340"}],"wp:term":[{"taxonomy":"category","embeddable":true,"href":"https:\/\/www.radioamigavallenar.cl\/index.php?rest_route=%2Fwp%2Fv2%2Fcategories&post=9340"},{"taxonomy":"post_tag","embeddable":true,"href":"https:\/\/www.radioamigavallenar.cl\/index.php?rest_route=%2Fwp%2Fv2%2Ftags&post=9340"}],"curies":[{"name":"wp","href":"https:\/\/api.w.org\/{rel}","templated":true}]}}