{"id":9335,"date":"2018-04-14T09:00:36","date_gmt":"2018-04-14T12:00:36","guid":{"rendered":"http:\/\/www.radioamigavallenar.cl\/?p=9335"},"modified":"2018-04-14T10:22:17","modified_gmt":"2018-04-14T13:22:17","slug":"diego-del-almagro-dos-detenidos-por-robo-en-lugar-habitado","status":"publish","type":"post","link":"https:\/\/www.radioamigavallenar.cl\/?p=9335","title":{"rendered":"Diego del Almagro: Dos detenidos por robo en lugar habitado"},"content":{"rendered":"<p style=\"text-align: center;\"><a href=\"http:\/\/www.radioamigavallenar.cl\/wp-content\/uploads\/2017\/07\/detenidos.jpg\"><img loading=\"lazy\" decoding=\"async\" class=\"alignnone size-medium wp-image-5646\" src=\"http:\/\/www.radioamigavallenar.cl\/wp-content\/uploads\/2017\/07\/detenidos-300x156.jpg\" alt=\"detenidos\" width=\"300\" height=\"156\" srcset=\"https:\/\/www.radioamigavallenar.cl\/wp-content\/uploads\/2017\/07\/detenidos-300x156.jpg 300w, https:\/\/www.radioamigavallenar.cl\/wp-content\/uploads\/2017\/07\/detenidos.jpg 700w\" sizes=\"auto, (max-width: 300px) 100vw, 300px\" \/><\/a><\/p>\n<p style=\"text-align: justify;\">Dos sujetos fueron detenidos por personal de Carabineros de la Subcomisar\u00eda Diego de Almagro, por el delito de robo en lugar habitado. Uno de los imputados corresponde al mismo sujeto aprehendido en reiteradas oportunidades por el personal policial de la comuna minera.<\/p>\n<p style=\"text-align: justify;\">De acuerdo a los antecedentes entregados por el Subcomisario, Teniente Marcelo Vera Rojas, los detenidos ingresaron a un domicilio ubicado en Avenida Juan Mart\u00ednez de Rosas, desde donde sustrajeron ropa de vestir y ropa de cama, para posteriormente venderla a una pobladora en la suma de 10 mil pesos.<\/p>\n<p style=\"text-align: justify;\">Fue el personal del servicio de patrullaje en la poblaci\u00f3n, el cual tras las diligencias y de conformidad a los antecedentes entregados por las v\u00edctimas, en cuanto a vestimentas y apariencia de los antisociales, logr\u00f3 divisar a un individuo que reun\u00eda las caracter\u00edsticas.<\/p>\n<p style=\"text-align: justify;\">El sujeto identificado como L.T.C. fue trasladado a la unidad policial y tras ser reconocido por la v\u00edctima, se procedi\u00f3 a la detenci\u00f3n, reconociendo ser el autor del hecho, conjuntamente a otro individuo identificado como N.O.P.<\/p>\n<p style=\"text-align: justify;\">De acuerdo a la versi\u00f3n del primer detenido, una vez perpetrado el delito se repartieron las especies sustra\u00eddas y las vendieron a la ciudadana identificada como R.D.P., en la suma de 10 mil pesos, motivo por el cual personal policial se dirigi\u00f3 a la direcci\u00f3n de la persona se\u00f1alada, quien reconoci\u00f3 haber comprado la ropa a L.T.C.<\/p>\n<p style=\"text-align: justify;\">Por este motivo, la ciudadana fue trasladada a la unidad policial donde la v\u00edctima reconoci\u00f3 la ropa como de su propiedad, por lo que se procedi\u00f3 a la detenci\u00f3n de la pobladora, por el delito de receptaci\u00f3n. Posteriormente y en el marco de los patrullajes preventivos en la poblaci\u00f3n, el personal policial identific\u00f3 a N.O.P., procediendo a su detenci\u00f3n.<\/p>\n<p style=\"text-align: justify;\">Fue la denuncia oportuna que realiz\u00f3 la v\u00edctima, la que permiti\u00f3 al personal de la Subcomisar\u00eda de Carabineros detener a L.T.C. de 26 a\u00f1os y N.O.P. de 18 a\u00f1os, adem\u00e1s de recuperar todas las especies sustra\u00eddas. Destac\u00f3 el Teniente Vera Rojas.<\/p>\n<p style=\"text-align: justify;\">El imputado\u00a0L.T.C. de 26 a\u00f1os, qued\u00f3 en prisi\u00f3n preventiva y fue trasladado al centro psiqui\u00e1trico, mientras dure la investigaci\u00f3n.<\/p>\n","protected":false},"excerpt":{"rendered":"<p>Dos sujetos fueron detenidos por personal de Carabineros de la Subcomisar\u00eda Diego de Almagro, por el delito de robo en lugar habitado. Uno de los&hellip; <\/p>\n","protected":false},"author":2,"featured_media":5646,"comment_status":"open","ping_status":"closed","sticky":false,"template":"","format":"standard","meta":{"footnotes":""},"categories":[6],"tags":[],"class_list":["post-9335","post","type-post","status-publish","format-standard","has-post-thumbnail","hentry","category-policial"],"_links":{"self":[{"href":"https:\/\/www.radioamigavallenar.cl\/index.php?rest_route=\/wp\/v2\/posts\/9335","targetHints":{"allow":["GET"]}}],"collection":[{"href":"https:\/\/www.radioamigavallenar.cl\/index.php?rest_route=\/wp\/v2\/posts"}],"about":[{"href":"https:\/\/www.radioamigavallenar.cl\/index.php?rest_route=\/wp\/v2\/types\/post"}],"author":[{"embeddable":true,"href":"https:\/\/www.radioamigavallenar.cl\/index.php?rest_route=\/wp\/v2\/users\/2"}],"replies":[{"embeddable":true,"href":"https:\/\/www.radioamigavallenar.cl\/index.php?rest_route=%2Fwp%2Fv2%2Fcomments&post=9335"}],"version-history":[{"count":0,"href":"https:\/\/www.radioamigavallenar.cl\/index.php?rest_route=\/wp\/v2\/posts\/9335\/revisions"}],"wp:featuredmedia":[{"embeddable":true,"href":"https:\/\/www.radioamigavallenar.cl\/index.php?rest_route=\/wp\/v2\/media\/5646"}],"wp:attachment":[{"href":"https:\/\/www.radioamigavallenar.cl\/index.php?rest_route=%2Fwp%2Fv2%2Fmedia&parent=9335"}],"wp:term":[{"taxonomy":"category","embeddable":true,"href":"https:\/\/www.radioamigavallenar.cl\/index.php?rest_route=%2Fwp%2Fv2%2Fcategories&post=9335"},{"taxonomy":"post_tag","embeddable":true,"href":"https:\/\/www.radioamigavallenar.cl\/index.php?rest_route=%2Fwp%2Fv2%2Ftags&post=9335"}],"curies":[{"name":"wp","href":"https:\/\/api.w.org\/{rel}","templated":true}]}}