{"id":9333,"date":"2018-04-14T10:18:29","date_gmt":"2018-04-14T13:18:29","guid":{"rendered":"http:\/\/www.radioamigavallenar.cl\/?p=9333"},"modified":"2018-04-14T10:18:29","modified_gmt":"2018-04-14T13:18:29","slug":"os7-de-atacama-logra-captura-de-4-personas-dedicadas-al-microtrafico-de-drogas","status":"publish","type":"post","link":"https:\/\/www.radioamigavallenar.cl\/?p=9333","title":{"rendered":"OS7 de Atacama logra captura de 4 personas dedicadas al microtr\u00e1fico de drogas"},"content":{"rendered":"<p style=\"text-align: center;\"><a href=\"http:\/\/www.radioamigavallenar.cl\/wp-content\/uploads\/2017\/01\/OS7.jpg\"><img loading=\"lazy\" decoding=\"async\" class=\"alignnone size-medium wp-image-3688\" src=\"http:\/\/www.radioamigavallenar.cl\/wp-content\/uploads\/2017\/01\/OS7-300x144.jpg\" alt=\"OS7\" width=\"300\" height=\"144\" srcset=\"https:\/\/www.radioamigavallenar.cl\/wp-content\/uploads\/2017\/01\/OS7-300x144.jpg 300w, https:\/\/www.radioamigavallenar.cl\/wp-content\/uploads\/2017\/01\/OS7.jpg 700w\" sizes=\"auto, (max-width: 300px) 100vw, 300px\" \/><\/a><\/p>\n<p style=\"text-align: justify;\"><span style=\"color: #000000;\">El personal del OS7 Atacama ha fortalecido su labor preventiva y de fiscalizaci\u00f3n, con el prop\u00f3sito de neutralizar la venta y consumo de drogas en la ciudadan\u00eda y al mismo tiempo detener a quienes se dedican a este lucrativo e ilegal negocio.<\/span><\/p>\n<p style=\"text-align: justify;\"><span style=\"color: #000000;\">Es as\u00ed que\u00a0la patrulla de control urbano de esta secci\u00f3n especializada de Carabineros detuvo a una mujer que en su domicilio ubicado en calle Collipulli en la\u00a0\u00a0<\/span><span style=\"color: #000000;\">localidad de Paipote, se dedicaba al tr\u00e1fico de drogas en peque\u00f1as cantidades.<\/span><\/p>\n<p style=\"text-align: justify;\"><span style=\"color: #000000;\">Fue durante diligencias investigativas, que se extendieron por un lapso de 45 d\u00edas,\u00a0\u00a0<\/span><span style=\"color: #000000;\">que se logr\u00f3 establecer la participaci\u00f3n de esta mujer en el tr\u00e1fico de drogas en peque\u00f1as cantidad.<\/span><\/p>\n<p style=\"text-align: justify;\">Con la autorizaci\u00f3n del juez de Garant\u00eda, de entrada y registro al domicilio el personal del Gope Atacama junto a la patrulla de control urbano del OS7 allanaron la vivienda y decomisaron la cantidad de 2 gramos 300 miligramos de pasta base de coca\u00edna, m\u00e1s 458 mil pesos en dinero en efectivo, correspondiente a las venta de droga.<\/p>\n<p style=\"text-align: justify;\">Producto de lo anterior, manifest\u00f3 el teniente Michael Avenda\u00f1o Astorga, el personal de Carabineros procedi\u00f3 a la detenci\u00f3n de la mujer identificada como A.F.B.C. de 35 a\u00f1os, por el delito de tr\u00e1fico de drogas en peque\u00f1as cantidades. La droga se remiti\u00f3 al Servicio de Salud Atacama y la imputada pas\u00f3 a control de detenci\u00f3n.<\/p>\n<p style=\"text-align: justify;\">Un segundo procedimiento dice relaci\u00f3n con la detenci\u00f3n de una mujer conocida como \u201cLa Andrea\u201d, quien se dedicaba al tr\u00e1fico de drogas en peque\u00f1as cantidades.<\/p>\n<p style=\"text-align: justify;\">La imputada fue identificada como E.A.D.M., 41 a\u00f1os, quien en su domicilio de calle Los Carrera se dedicaba al microtr\u00e1fico de drogas. Al momento de la detenci\u00f3n y allanamiento del domicilio, la imputada se encontraba con otra mujer identificada como C.M.G.P., de 30 a\u00f1os, mismo domicilio, quien manten\u00eda orden de arresto vigente, por el delito de hurto simple.<\/p>\n<p style=\"text-align: justify;\">La mujer tambi\u00e9n era investigada por la patrulla de control urbano del OS7 Atacama, por lo cual se gestion\u00f3 orden de entrada y registro al domicilio, la que fue autorizada por el juez de Garant\u00eda de Copiap\u00f3.<\/p>\n<p style=\"text-align: justify;\">Durante esta diligencia realizada por personal del Gope y OS7 se encontraron 9 envoltorios de papel blanco cuadriculado contenedores de pasta base de coca\u00edna (1 gramo 800 miligramos), adem\u00e1s de la suma de 12 mil pesos), por lo cual se procedi\u00f3 a la detenci\u00f3n, conforme normativa legal vigente.<\/p>\n<p style=\"text-align: justify;\">Un tercer procedimiento que permiti\u00f3 adem\u00e1s capturar a un sujeto que manten\u00eda una orden de aprehensi\u00f3n vigente por el delito de homicidio en la ciudad de Limache, fue producto de la labor desarrollada por la patrulla de control urbano de la secci\u00f3n especializada OS7 de Carabineros.<\/p>\n<p style=\"text-align: justify;\">En este procedimiento se logr\u00f3 la detenci\u00f3n de dos sujetos conocidos como \u201cEl Jhon\u201d y \u201cEl Paquirri\u201d, que se dedicaban a la venta de drogas en el sector de las tomas en la \u201cQuebrada del Aj\u00ed\u201d, comuna de Tierra Amarilla.<\/p>\n<p style=\"text-align: justify;\">Con la orden de entrada y registro al domicilio, autorizada por el juez de Garant\u00eda, el personal del Gope Atacama realiz\u00f3 el allanamiento, encontrando en el interior a F.J.M.M. (23) y C.J.M.R. (42). El primero de los sujetos, manten\u00eda en sus vestimentas 7 bolsas de nylon contenedoras de pasta base de coca\u00edna, m\u00e1s dos envoltorios de papel revista, los que arrojaron un peso de 7 gramos 200 miligramos de pasta base de coca\u00edna.<\/p>\n<p style=\"text-align: justify;\">En el proceso de registro del dormitorio del investigado identificado como J.H.S.B., de nacionalidad colombiana, quien no se encontraba en el domicilio al realizar el allanamiento, se encontraron 58 bolsas de nylon contenedoras de 64 gramos de pasta base de coca\u00edna, m\u00e1s una balanza digital, hojas de cuaderno, bolsas pl\u00e1sticas, adem\u00e1s de una pistola de aire comprimido, marca Powerline, modelo 15xt, color negra.<\/p>\n<p style=\"text-align: justify;\">El teniente del OS7 Atacama, Michael Avenda\u00f1o Astorga, dijo que junto con la detenci\u00f3n de estas cuatro personas dedicados al tr\u00e1fico de drogas en peque\u00f1as cantidades, se logr\u00f3 adem\u00e1s capturar a F.J.M.M. (23), quien manten\u00eda una orden de detenci\u00f3n vigente del juzgado de Garant\u00eda de Limache, por el delito de homicidio y a una mujer que tambi\u00e9n ten\u00eda una orden de arresto por el delito de hurto simple.<\/p>\n","protected":false},"excerpt":{"rendered":"<p>El personal del OS7 Atacama ha fortalecido su labor preventiva y de fiscalizaci\u00f3n, con el prop\u00f3sito de neutralizar la venta y consumo de drogas en&hellip; <\/p>\n","protected":false},"author":2,"featured_media":3688,"comment_status":"open","ping_status":"closed","sticky":false,"template":"","format":"standard","meta":{"footnotes":""},"categories":[6],"tags":[],"class_list":["post-9333","post","type-post","status-publish","format-standard","has-post-thumbnail","hentry","category-policial"],"_links":{"self":[{"href":"https:\/\/www.radioamigavallenar.cl\/index.php?rest_route=\/wp\/v2\/posts\/9333","targetHints":{"allow":["GET"]}}],"collection":[{"href":"https:\/\/www.radioamigavallenar.cl\/index.php?rest_route=\/wp\/v2\/posts"}],"about":[{"href":"https:\/\/www.radioamigavallenar.cl\/index.php?rest_route=\/wp\/v2\/types\/post"}],"author":[{"embeddable":true,"href":"https:\/\/www.radioamigavallenar.cl\/index.php?rest_route=\/wp\/v2\/users\/2"}],"replies":[{"embeddable":true,"href":"https:\/\/www.radioamigavallenar.cl\/index.php?rest_route=%2Fwp%2Fv2%2Fcomments&post=9333"}],"version-history":[{"count":0,"href":"https:\/\/www.radioamigavallenar.cl\/index.php?rest_route=\/wp\/v2\/posts\/9333\/revisions"}],"wp:featuredmedia":[{"embeddable":true,"href":"https:\/\/www.radioamigavallenar.cl\/index.php?rest_route=\/wp\/v2\/media\/3688"}],"wp:attachment":[{"href":"https:\/\/www.radioamigavallenar.cl\/index.php?rest_route=%2Fwp%2Fv2%2Fmedia&parent=9333"}],"wp:term":[{"taxonomy":"category","embeddable":true,"href":"https:\/\/www.radioamigavallenar.cl\/index.php?rest_route=%2Fwp%2Fv2%2Fcategories&post=9333"},{"taxonomy":"post_tag","embeddable":true,"href":"https:\/\/www.radioamigavallenar.cl\/index.php?rest_route=%2Fwp%2Fv2%2Ftags&post=9333"}],"curies":[{"name":"wp","href":"https:\/\/api.w.org\/{rel}","templated":true}]}}