{"id":9317,"date":"2018-04-13T13:24:52","date_gmt":"2018-04-13T16:24:52","guid":{"rendered":"http:\/\/www.radioamigavallenar.cl\/?p=9317"},"modified":"2018-04-13T13:24:52","modified_gmt":"2018-04-13T16:24:52","slug":"invitan-a-ser-evaluador-de-proyectos-de-cultura-2019","status":"publish","type":"post","link":"https:\/\/www.radioamigavallenar.cl\/?p=9317","title":{"rendered":"Invitan a ser evaluador de Proyectos de Cultura 2019"},"content":{"rendered":"<p style=\"text-align: justify;\"><a href=\"http:\/\/www.radioamigavallenar.cl\/wp-content\/uploads\/2018\/04\/Evaluar-FONDART.jpg\"><img loading=\"lazy\" decoding=\"async\" class=\" size-medium wp-image-9318 aligncenter\" src=\"http:\/\/www.radioamigavallenar.cl\/wp-content\/uploads\/2018\/04\/Evaluar-FONDART-300x200.jpg\" alt=\"Evaluar FONDART\" width=\"300\" height=\"200\" srcset=\"https:\/\/www.radioamigavallenar.cl\/wp-content\/uploads\/2018\/04\/Evaluar-FONDART-300x200.jpg 300w, https:\/\/www.radioamigavallenar.cl\/wp-content\/uploads\/2018\/04\/Evaluar-FONDART.jpg 700w\" sizes=\"auto, (max-width: 300px) 100vw, 300px\" \/><\/a><\/p>\n<p style=\"text-align: justify;\">Como parte de la renovaci\u00f3n anual de la comisi\u00f3n evaluadora, hasta este viernes 20 de abril, a las 12 del d\u00eda, es posible postular al proceso que permite ser parte de estas comisiones responsables de evaluar los proyectos FONDART 2019. Se trata de un proceso de recepci\u00f3n de documentos para desarrollar esta funci\u00f3n, con miras a contribuir al desarrollo de las culturas, las artes y el patrimonio en Atacama.<\/p>\n<p style=\"text-align: justify;\">Para sumarse a este proceso es necesario enviar un curriculum actualizado, y en otro documento, o en el cuerpo del e-mail, destacar la situaci\u00f3n actual laboral, la formaci\u00f3n acad\u00e9mica de quien postula, su experiencia profesional y las razones que motivan su aspiraci\u00f3n a ser parte de la comisi\u00f3n evaluadora de los FONDART 2019. Esta informaci\u00f3n debe ser enviada a trav\u00e9s de correo electr\u00f3nico a LA Encargada de OIRS, a <a href=\"mailto:paula.carrizo@cultura.gob.cl\">paula.carrizo@cultura.gob.cl<\/a>\u00a0 O v\u00eda oficina de partes a Atacama #660.<\/p>\n<p style=\"text-align: justify;\">Es importante especificar que ser parte de estas comisiones impide ser postulante a Fondos, sin embargo, es un valioso aporte a la comunidad y a los procesos creativos que se est\u00e1n desarrollando con fuerza en la regi\u00f3n de Atacama.<\/p>\n","protected":false},"excerpt":{"rendered":"<p>Como parte de la renovaci\u00f3n anual de la comisi\u00f3n evaluadora, hasta este viernes 20 de abril, a las 12 del d\u00eda, es posible postular al&hellip; <\/p>\n","protected":false},"author":2,"featured_media":9318,"comment_status":"open","ping_status":"closed","sticky":false,"template":"","format":"standard","meta":{"footnotes":""},"categories":[7,9],"tags":[],"class_list":["post-9317","post","type-post","status-publish","format-standard","has-post-thumbnail","hentry","category-atacama","category-cultura"],"_links":{"self":[{"href":"https:\/\/www.radioamigavallenar.cl\/index.php?rest_route=\/wp\/v2\/posts\/9317","targetHints":{"allow":["GET"]}}],"collection":[{"href":"https:\/\/www.radioamigavallenar.cl\/index.php?rest_route=\/wp\/v2\/posts"}],"about":[{"href":"https:\/\/www.radioamigavallenar.cl\/index.php?rest_route=\/wp\/v2\/types\/post"}],"author":[{"embeddable":true,"href":"https:\/\/www.radioamigavallenar.cl\/index.php?rest_route=\/wp\/v2\/users\/2"}],"replies":[{"embeddable":true,"href":"https:\/\/www.radioamigavallenar.cl\/index.php?rest_route=%2Fwp%2Fv2%2Fcomments&post=9317"}],"version-history":[{"count":0,"href":"https:\/\/www.radioamigavallenar.cl\/index.php?rest_route=\/wp\/v2\/posts\/9317\/revisions"}],"wp:featuredmedia":[{"embeddable":true,"href":"https:\/\/www.radioamigavallenar.cl\/index.php?rest_route=\/wp\/v2\/media\/9318"}],"wp:attachment":[{"href":"https:\/\/www.radioamigavallenar.cl\/index.php?rest_route=%2Fwp%2Fv2%2Fmedia&parent=9317"}],"wp:term":[{"taxonomy":"category","embeddable":true,"href":"https:\/\/www.radioamigavallenar.cl\/index.php?rest_route=%2Fwp%2Fv2%2Fcategories&post=9317"},{"taxonomy":"post_tag","embeddable":true,"href":"https:\/\/www.radioamigavallenar.cl\/index.php?rest_route=%2Fwp%2Fv2%2Ftags&post=9317"}],"curies":[{"name":"wp","href":"https:\/\/api.w.org\/{rel}","templated":true}]}}