{"id":9235,"date":"2018-04-09T09:47:39","date_gmt":"2018-04-09T12:47:39","guid":{"rendered":"http:\/\/www.radioamigavallenar.cl\/?p=9235"},"modified":"2018-04-09T09:47:39","modified_gmt":"2018-04-09T12:47:39","slug":"atencion-organizaciones-se-amplio-plazo-para-los-proyectos-del-fndr","status":"publish","type":"post","link":"https:\/\/www.radioamigavallenar.cl\/?p=9235","title":{"rendered":"Atenci\u00f3n organizaciones: se ampli\u00f3 plazo para los proyectos del FNDR"},"content":{"rendered":"<p style=\"text-align: center;\"><a href=\"http:\/\/www.radioamigavallenar.cl\/wp-content\/uploads\/2017\/11\/Extraescolar-Cultura-Violeta-y-Bandas.jpg\"><img loading=\"lazy\" decoding=\"async\" class=\"alignnone size-medium wp-image-7450\" src=\"http:\/\/www.radioamigavallenar.cl\/wp-content\/uploads\/2017\/11\/Extraescolar-Cultura-Violeta-y-Bandas-300x200.jpg\" alt=\"Extraescolar Cultura Violeta y Bandas\" width=\"300\" height=\"200\" srcset=\"https:\/\/www.radioamigavallenar.cl\/wp-content\/uploads\/2017\/11\/Extraescolar-Cultura-Violeta-y-Bandas-300x200.jpg 300w, https:\/\/www.radioamigavallenar.cl\/wp-content\/uploads\/2017\/11\/Extraescolar-Cultura-Violeta-y-Bandas.jpg 700w\" sizes=\"auto, (max-width: 300px) 100vw, 300px\" \/><\/a><\/p>\n<p style=\"text-align: justify;\">Hasta el 16 de abril se extendi\u00f3 el plazo de postulaci\u00f3n a los fondos concursables\u00a0 correspondientes al 6% del FNDR del Gobierno Regional de Atacama que busca apoyar y financiar iniciativas ciudadanas en materias culturales, deportivas, sociales y de seguridad ciudadana.<\/p>\n<p style=\"text-align: justify;\">Para este 2018 el Consejo Regional de Atacama (CORE) aprob\u00f3 2 mil 664 millones de pesos a disposici\u00f3n de instituciones privadas sin fines de lucro, juntas de vecinos, centros de padres y organizaciones deportivas, adem\u00e1s de los municipios de la regi\u00f3n.<\/p>\n<p style=\"text-align: justify;\">Llamado que adem\u00e1s se ha reforzado con capacitaciones que est\u00e1 realizando el equipo t\u00e9cnico de la Divisi\u00f3n de An\u00e1lisis y Control de Gesti\u00f3n del Gobierno Regional \u00a0en las distintas comunas de la regi\u00f3n, con el objetivo de capacitar tanto a formuladores de las municipalidades como de organizaciones sociales.<\/p>\n<p style=\"text-align: justify;\">La Intendenta Berta Torres destac\u00f3 la importancia del fondo; que es muy esperado por las organizaciones e invit\u00f3 a la ciudadan\u00eda a postular sus proyectos. \u201cEstamos muy contentos por el inter\u00e9s en comunas como: Tierra amarilla, Freirina, Caldera y Alto del Carmen; donde han demostrado motivaci\u00f3n por participar de forma activa en el proceso que se inici\u00f3 el pasado 19 de marzo y que ha sido extendido a raz\u00f3n de una modificaci\u00f3n de plazos aprobada recientemente por el consejo regional hasta el 16 de abril a las 13:00 hrs, en virtud de llegar a cada comuna de la regi\u00f3n y generar un mayor acceso a la informaci\u00f3n para todos los postulantes\u201d, destac\u00f3 la primera autoridad regional.<\/p>\n<p style=\"text-align: justify;\">Otra de las novedades para este a\u00f1o es la incorporaci\u00f3n en la glosa de car\u00e1cter social \u00a0de una nueva l\u00ednea de postulaci\u00f3n, la cual corresponde a \u201cProtecci\u00f3n Ambiental y Energ\u00edas Limpias\u201d, dando un nuevo \u00e9nfasis a la convocatoria 2018.<\/p>\n<p>&nbsp;<\/p>\n<p>&nbsp;<\/p>\n","protected":false},"excerpt":{"rendered":"<p>Hasta el 16 de abril se extendi\u00f3 el plazo de postulaci\u00f3n a los fondos concursables\u00a0 correspondientes al 6% del FNDR del Gobierno Regional de Atacama&hellip; <\/p>\n","protected":false},"author":2,"featured_media":7450,"comment_status":"open","ping_status":"closed","sticky":false,"template":"","format":"standard","meta":{"footnotes":""},"categories":[9],"tags":[],"class_list":["post-9235","post","type-post","status-publish","format-standard","has-post-thumbnail","hentry","category-cultura"],"_links":{"self":[{"href":"https:\/\/www.radioamigavallenar.cl\/index.php?rest_route=\/wp\/v2\/posts\/9235","targetHints":{"allow":["GET"]}}],"collection":[{"href":"https:\/\/www.radioamigavallenar.cl\/index.php?rest_route=\/wp\/v2\/posts"}],"about":[{"href":"https:\/\/www.radioamigavallenar.cl\/index.php?rest_route=\/wp\/v2\/types\/post"}],"author":[{"embeddable":true,"href":"https:\/\/www.radioamigavallenar.cl\/index.php?rest_route=\/wp\/v2\/users\/2"}],"replies":[{"embeddable":true,"href":"https:\/\/www.radioamigavallenar.cl\/index.php?rest_route=%2Fwp%2Fv2%2Fcomments&post=9235"}],"version-history":[{"count":0,"href":"https:\/\/www.radioamigavallenar.cl\/index.php?rest_route=\/wp\/v2\/posts\/9235\/revisions"}],"wp:featuredmedia":[{"embeddable":true,"href":"https:\/\/www.radioamigavallenar.cl\/index.php?rest_route=\/wp\/v2\/media\/7450"}],"wp:attachment":[{"href":"https:\/\/www.radioamigavallenar.cl\/index.php?rest_route=%2Fwp%2Fv2%2Fmedia&parent=9235"}],"wp:term":[{"taxonomy":"category","embeddable":true,"href":"https:\/\/www.radioamigavallenar.cl\/index.php?rest_route=%2Fwp%2Fv2%2Fcategories&post=9235"},{"taxonomy":"post_tag","embeddable":true,"href":"https:\/\/www.radioamigavallenar.cl\/index.php?rest_route=%2Fwp%2Fv2%2Ftags&post=9235"}],"curies":[{"name":"wp","href":"https:\/\/api.w.org\/{rel}","templated":true}]}}