{"id":91085,"date":"2025-05-09T12:03:16","date_gmt":"2025-05-09T15:03:16","guid":{"rendered":"https:\/\/www.radioamigavallenar.cl\/?p=91085"},"modified":"2025-05-09T13:03:58","modified_gmt":"2025-05-09T16:03:58","slug":"alcalde-de-vallenar-se-reune-con-la-federacion-de-trabajadores-del-hierro-para-abordar-desafios-del-sector-minero","status":"publish","type":"post","link":"https:\/\/www.radioamigavallenar.cl\/?p=91085","title":{"rendered":"Alcalde de Vallenar se re\u00fane con la Federaci\u00f3n de Trabajadores del Hierro para abordar desaf\u00edos del sector minero"},"content":{"rendered":"<p class=\"\" data-start=\"343\" data-end=\"518\"><strong data-start=\"343\" data-end=\"518\">Durante el encuentro se abordaron las principales demandas del gremio, entre ellas la necesidad urgente de desarrollar nuevos proyectos que generen empleo en la provincia.<\/strong><\/p>\n<p class=\"\" data-start=\"520\" data-end=\"879\">Este martes, el alcalde de Vallenar, V\u00edctor Isla Lutz, recibi\u00f3 en su despacho a representantes de la Federaci\u00f3n de Trabajadores del Hierro, quienes expusieron las principales necesidades del gremio minero. Entre ellas, destacaron la urgencia de avanzar en el desarrollo de nuevos proyectos que permitan abrir m\u00e1s puestos de trabajo en la Provincia del Huasco.<\/p>\n<p class=\"\" data-start=\"881\" data-end=\"1143\">Durante la reuni\u00f3n, ambas partes coincidieron en la importancia de trabajar en conjunto para mejorar las condiciones laborales y de seguridad del sector, as\u00ed como en la necesidad de generar escenarios de inversi\u00f3n que impulsen el desarrollo econ\u00f3mico de la zona.<\/p>\n<p class=\"\" data-start=\"1145\" data-end=\"1542\">En ese contexto, desde el municipio se destac\u00f3 el pr\u00f3ximo lanzamiento de la Mesa P\u00fablico-Privada, previsto para el mes de mayo, como un instrumento clave para convocar a los distintos actores productivos de la comuna y de la provincia. Esta instancia tendr\u00e1 como objetivo atraer nuevas inversiones y elaborar estrategias de desarrollo alineadas con la Estrategia Regional de Desarrollo de Atacama.<\/p>\n<p class=\"\" data-start=\"1544\" data-end=\"1751\">La reuni\u00f3n fue valorada como un primer paso para fortalecer la articulaci\u00f3n entre el municipio y el mundo laboral, en busca de soluciones concretas para las y los trabajadores del sector minero en la regi\u00f3n.<\/p>\n","protected":false},"excerpt":{"rendered":"<p>Durante el encuentro se abordaron las principales demandas del gremio, entre ellas la necesidad urgente de desarrollar nuevos proyectos que generen empleo en la provincia.&hellip; <\/p>\n","protected":false},"author":6,"featured_media":91086,"comment_status":"closed","ping_status":"closed","sticky":false,"template":"","format":"standard","meta":{"footnotes":""},"categories":[38],"tags":[],"class_list":["post-91085","post","type-post","status-publish","format-standard","has-post-thumbnail","hentry","category-portada-regional"],"_links":{"self":[{"href":"https:\/\/www.radioamigavallenar.cl\/index.php?rest_route=\/wp\/v2\/posts\/91085","targetHints":{"allow":["GET"]}}],"collection":[{"href":"https:\/\/www.radioamigavallenar.cl\/index.php?rest_route=\/wp\/v2\/posts"}],"about":[{"href":"https:\/\/www.radioamigavallenar.cl\/index.php?rest_route=\/wp\/v2\/types\/post"}],"author":[{"embeddable":true,"href":"https:\/\/www.radioamigavallenar.cl\/index.php?rest_route=\/wp\/v2\/users\/6"}],"replies":[{"embeddable":true,"href":"https:\/\/www.radioamigavallenar.cl\/index.php?rest_route=%2Fwp%2Fv2%2Fcomments&post=91085"}],"version-history":[{"count":1,"href":"https:\/\/www.radioamigavallenar.cl\/index.php?rest_route=\/wp\/v2\/posts\/91085\/revisions"}],"predecessor-version":[{"id":91087,"href":"https:\/\/www.radioamigavallenar.cl\/index.php?rest_route=\/wp\/v2\/posts\/91085\/revisions\/91087"}],"wp:featuredmedia":[{"embeddable":true,"href":"https:\/\/www.radioamigavallenar.cl\/index.php?rest_route=\/wp\/v2\/media\/91086"}],"wp:attachment":[{"href":"https:\/\/www.radioamigavallenar.cl\/index.php?rest_route=%2Fwp%2Fv2%2Fmedia&parent=91085"}],"wp:term":[{"taxonomy":"category","embeddable":true,"href":"https:\/\/www.radioamigavallenar.cl\/index.php?rest_route=%2Fwp%2Fv2%2Fcategories&post=91085"},{"taxonomy":"post_tag","embeddable":true,"href":"https:\/\/www.radioamigavallenar.cl\/index.php?rest_route=%2Fwp%2Fv2%2Ftags&post=91085"}],"curies":[{"name":"wp","href":"https:\/\/api.w.org\/{rel}","templated":true}]}}