{"id":91079,"date":"2025-05-09T00:00:43","date_gmt":"2025-05-09T03:00:43","guid":{"rendered":"https:\/\/www.radioamigavallenar.cl\/?p=91079"},"modified":"2025-05-08T21:36:06","modified_gmt":"2025-05-09T00:36:06","slug":"carabineros-desplego-servicios-preventivos-integrales-durante-visita-presidencial-en-atacama","status":"publish","type":"post","link":"https:\/\/www.radioamigavallenar.cl\/?p=91079","title":{"rendered":"Carabineros despleg\u00f3 servicios preventivos integrales durante visita presidencial en Atacama"},"content":{"rendered":"<p class=\"\" data-start=\"346\" data-end=\"502\"><strong data-start=\"346\" data-end=\"502\">M\u00e1s de 50 horas de operativos se ejecutaron en Copiap\u00f3 y Alto del Carmen para garantizar la seguridad del Presidente de la Rep\u00fablica y de la ciudadan\u00eda.<\/strong><\/p>\n<p class=\"\" data-start=\"504\" data-end=\"890\">Durante la reciente visita del Presidente Gabriel Boric a la Regi\u00f3n de Atacama, Carabineros despleg\u00f3 un amplio operativo de seguridad en las comunas de Copiap\u00f3 y Alto del Carmen. El trabajo, desarrollado por personal de distintas unidades de la Zona Atacama, se realiz\u00f3 con apoyo de la Prefectura A\u00e9rea y bajo la coordinaci\u00f3n directa del Jefe de Zona, general Julio Marabol\u00ed Fuenzalida.<\/p>\n<p class=\"\" data-start=\"892\" data-end=\"1249\">En total, se realizaron m\u00e1s de 50 horas de servicios preventivos integrales, los cuales fueron planificados con antelaci\u00f3n desde el momento en que se inform\u00f3 oficialmente la visita presidencial. El despliegue contempl\u00f3 patrullajes a\u00e9reos y terrestres, control de accesos, apoyo log\u00edstico y presencia disuasiva en los principales puntos de reuni\u00f3n ciudadana.<\/p>\n<p class=\"\" data-start=\"1251\" data-end=\"1575\">Desde la instituci\u00f3n destacaron la vocaci\u00f3n de servicio de su personal, que trabaj\u00f3 de manera silenciosa y profesional durante las dos jornadas que dur\u00f3 la visita. El operativo busc\u00f3 resguardar no solo al Mandatario, sino tambi\u00e9n garantizar el orden p\u00fablico y la seguridad de la ciudadan\u00eda durante las actividades oficiales.<\/p>\n","protected":false},"excerpt":{"rendered":"<p>M\u00e1s de 50 horas de operativos se ejecutaron en Copiap\u00f3 y Alto del Carmen para garantizar la seguridad del Presidente de la Rep\u00fablica y de&hellip; <\/p>\n","protected":false},"author":6,"featured_media":91080,"comment_status":"closed","ping_status":"closed","sticky":false,"template":"","format":"standard","meta":{"footnotes":""},"categories":[38],"tags":[],"class_list":["post-91079","post","type-post","status-publish","format-standard","has-post-thumbnail","hentry","category-portada-regional"],"_links":{"self":[{"href":"https:\/\/www.radioamigavallenar.cl\/index.php?rest_route=\/wp\/v2\/posts\/91079","targetHints":{"allow":["GET"]}}],"collection":[{"href":"https:\/\/www.radioamigavallenar.cl\/index.php?rest_route=\/wp\/v2\/posts"}],"about":[{"href":"https:\/\/www.radioamigavallenar.cl\/index.php?rest_route=\/wp\/v2\/types\/post"}],"author":[{"embeddable":true,"href":"https:\/\/www.radioamigavallenar.cl\/index.php?rest_route=\/wp\/v2\/users\/6"}],"replies":[{"embeddable":true,"href":"https:\/\/www.radioamigavallenar.cl\/index.php?rest_route=%2Fwp%2Fv2%2Fcomments&post=91079"}],"version-history":[{"count":1,"href":"https:\/\/www.radioamigavallenar.cl\/index.php?rest_route=\/wp\/v2\/posts\/91079\/revisions"}],"predecessor-version":[{"id":91081,"href":"https:\/\/www.radioamigavallenar.cl\/index.php?rest_route=\/wp\/v2\/posts\/91079\/revisions\/91081"}],"wp:featuredmedia":[{"embeddable":true,"href":"https:\/\/www.radioamigavallenar.cl\/index.php?rest_route=\/wp\/v2\/media\/91080"}],"wp:attachment":[{"href":"https:\/\/www.radioamigavallenar.cl\/index.php?rest_route=%2Fwp%2Fv2%2Fmedia&parent=91079"}],"wp:term":[{"taxonomy":"category","embeddable":true,"href":"https:\/\/www.radioamigavallenar.cl\/index.php?rest_route=%2Fwp%2Fv2%2Fcategories&post=91079"},{"taxonomy":"post_tag","embeddable":true,"href":"https:\/\/www.radioamigavallenar.cl\/index.php?rest_route=%2Fwp%2Fv2%2Ftags&post=91079"}],"curies":[{"name":"wp","href":"https:\/\/api.w.org\/{rel}","templated":true}]}}