{"id":91024,"date":"2025-05-08T10:18:41","date_gmt":"2025-05-08T13:18:41","guid":{"rendered":"https:\/\/www.radioamigavallenar.cl\/?p=91024"},"modified":"2025-05-08T10:18:41","modified_gmt":"2025-05-08T13:18:41","slug":"diputado-mulet-critica-a-vicepresidente-de-corfo-por-falta-de-informacion-sobre-desistimiento-de-proyectos-ligados-al-litio","status":"publish","type":"post","link":"https:\/\/www.radioamigavallenar.cl\/?p=91024","title":{"rendered":"Diputado Mulet critica a vicepresidente de Corfo por falta de informaci\u00f3n sobre desistimiento de proyectos ligados al litio"},"content":{"rendered":"<p class=\"\" data-start=\"141\" data-end=\"391\"><strong>El parlamentario por Atacama cuestion\u00f3 la ausencia de Jos\u00e9 Miguel Benavente en el Congreso ante la baja de iniciativas para producir bater\u00edas de litio y llam\u00f3 a definir una pol\u00edtica de Estado que otorgue estabilidad a los inversionistas.<\/strong><\/p>\n<p class=\"\" data-start=\"426\" data-end=\"777\">El diputado Jaime Mulet, representante de la Regi\u00f3n de Atacama e integrante de la Comisi\u00f3n de Miner\u00eda y Energ\u00eda, critic\u00f3 al vicepresidente ejecutivo de Corfo, Jos\u00e9 Miguel Benavente, por no informar oportunamente al Congreso respecto a la decisi\u00f3n de algunas empresas de desistir de proyectos vinculados a la producci\u00f3n de bater\u00edas de litio en el pa\u00eds.<\/p>\n<p class=\"\" data-start=\"779\" data-end=\"1136\">Seg\u00fan indic\u00f3 el parlamentario, la situaci\u00f3n revela problemas en la gesti\u00f3n del gobierno en torno a la estrategia nacional del litio. \u201cNo es posible que nos enteremos por la prensa de hechos tan relevantes para la econom\u00eda del pa\u00eds. El vicepresidente de Corfo debi\u00f3 haber venido a la Comisi\u00f3n de Miner\u00eda y Energ\u00eda a explicar lo que est\u00e1 ocurriendo\u201d, expres\u00f3.<\/p>\n<p class=\"\" data-start=\"1138\" data-end=\"1477\">Mulet sostuvo que uno de los principales reclamos de las empresas apunta a la falta de condiciones habilitantes por parte del Estado para avanzar en estos proyectos. Adem\u00e1s, reconoci\u00f3 que el contexto internacional, con la baja en el precio del litio y la competencia con el sodio como insumo alternativo para bater\u00edas, tambi\u00e9n ha influido.<\/p>\n<p class=\"\" data-start=\"1479\" data-end=\"1809\">El diputado tambi\u00e9n cuestion\u00f3 declaraciones recientes de candidatas presidenciales como Jeanette Jara y Evelyn Matthei, quienes han manifestado reparos al acuerdo entre el Estado, a trav\u00e9s de Codelco, y la empresa SQM para explotar litio en el Salar de Atacama desde 2030. A juicio de Mulet, dichos mensajes generan incertidumbre.<\/p>\n","protected":false},"excerpt":{"rendered":"<p>El parlamentario por Atacama cuestion\u00f3 la ausencia de Jos\u00e9 Miguel Benavente en el Congreso ante la baja de iniciativas para producir bater\u00edas de litio y&hellip; <\/p>\n","protected":false},"author":6,"featured_media":72397,"comment_status":"closed","ping_status":"closed","sticky":false,"template":"","format":"standard","meta":{"footnotes":""},"categories":[7],"tags":[],"class_list":["post-91024","post","type-post","status-publish","format-standard","has-post-thumbnail","hentry","category-atacama"],"_links":{"self":[{"href":"https:\/\/www.radioamigavallenar.cl\/index.php?rest_route=\/wp\/v2\/posts\/91024","targetHints":{"allow":["GET"]}}],"collection":[{"href":"https:\/\/www.radioamigavallenar.cl\/index.php?rest_route=\/wp\/v2\/posts"}],"about":[{"href":"https:\/\/www.radioamigavallenar.cl\/index.php?rest_route=\/wp\/v2\/types\/post"}],"author":[{"embeddable":true,"href":"https:\/\/www.radioamigavallenar.cl\/index.php?rest_route=\/wp\/v2\/users\/6"}],"replies":[{"embeddable":true,"href":"https:\/\/www.radioamigavallenar.cl\/index.php?rest_route=%2Fwp%2Fv2%2Fcomments&post=91024"}],"version-history":[{"count":1,"href":"https:\/\/www.radioamigavallenar.cl\/index.php?rest_route=\/wp\/v2\/posts\/91024\/revisions"}],"predecessor-version":[{"id":91025,"href":"https:\/\/www.radioamigavallenar.cl\/index.php?rest_route=\/wp\/v2\/posts\/91024\/revisions\/91025"}],"wp:featuredmedia":[{"embeddable":true,"href":"https:\/\/www.radioamigavallenar.cl\/index.php?rest_route=\/wp\/v2\/media\/72397"}],"wp:attachment":[{"href":"https:\/\/www.radioamigavallenar.cl\/index.php?rest_route=%2Fwp%2Fv2%2Fmedia&parent=91024"}],"wp:term":[{"taxonomy":"category","embeddable":true,"href":"https:\/\/www.radioamigavallenar.cl\/index.php?rest_route=%2Fwp%2Fv2%2Fcategories&post=91024"},{"taxonomy":"post_tag","embeddable":true,"href":"https:\/\/www.radioamigavallenar.cl\/index.php?rest_route=%2Fwp%2Fv2%2Ftags&post=91024"}],"curies":[{"name":"wp","href":"https:\/\/api.w.org\/{rel}","templated":true}]}}