{"id":91021,"date":"2025-05-08T10:13:46","date_gmt":"2025-05-08T13:13:46","guid":{"rendered":"https:\/\/www.radioamigavallenar.cl\/?p=91021"},"modified":"2025-05-08T10:13:46","modified_gmt":"2025-05-08T13:13:46","slug":"con-funciones-gratuitas-y-estrenos-teatrales-atacama-celebra-el-dia-nacional-del-teatro","status":"publish","type":"post","link":"https:\/\/www.radioamigavallenar.cl\/?p=91021","title":{"rendered":"Con funciones gratuitas y estrenos teatrales, Atacama celebra el D\u00eda Nacional del Teatro"},"content":{"rendered":"<p class=\"\" data-start=\"0\" data-end=\"104\"><strong>En homenaje a Andr\u00e9s P\u00e9rez, la regi\u00f3n ofrecer\u00e1 presentaciones en Copiap\u00f3 y Vallenar, con destacadas actrices nacionales y creaciones locales, gracias al apoyo de la SEREMI de las Culturas y alianzas con el sector privado.<\/strong><\/p>\n<p class=\"\" data-start=\"377\" data-end=\"686\">Con motivo del D\u00eda Nacional del Teatro, que se celebra cada 11 de mayo en honor al nacimiento del destacado director y dramaturgo Andr\u00e9s P\u00e9rez Araya, la Regi\u00f3n de Atacama desplegar\u00e1 una serie de actividades culturales abiertas a la comunidad, con foco en el acceso gratuito y el fomento a las artes esc\u00e9nicas.<\/p>\n<p class=\"\" data-start=\"688\" data-end=\"1272\">Una de las actividades centrales ser\u00e1 el estreno de la comedia \u201cS.O.S. Mamis\u201d, protagonizada por las reconocidas actrices nacionales Loreto Aravena, Tamara Acosta, Jenny Cavallo y Paz Bascu\u00f1\u00e1n. La obra se presentar\u00e1 el viernes 9 de mayo a las 19:00 horas en el Centro Cultural Atacama. Las invitaciones est\u00e1n siendo distribuidas en las oficinas de la Seremi de las Culturas, ubicadas en calle Atacama #660, Copiap\u00f3. Esta funci\u00f3n forma parte del convenio de colaboraci\u00f3n entre la SEREMI y la Compa\u00f1\u00eda Minera Kinross, que desde hace 13 a\u00f1os promueve el acceso cultural en la regi\u00f3n.<\/p>\n<p class=\"\" data-start=\"1274\" data-end=\"1704\">El mismo d\u00eda, el Centro Cultural Ser Humano ofrecer\u00e1 la obra \u201cResidencia Arcoiris\u201d, del colectivo teatral Inocentes Culpables. La pieza tendr\u00e1 dos funciones: una dirigida a estudiantes a las 10:00 horas y otra para p\u00fablico general a las 20:00 horas, en calle Chacabuco #671, Copiap\u00f3. Esta programaci\u00f3n es financiada a trav\u00e9s del Programa de Apoyo a Organizaciones Colaboradoras (PAOCC 2025) del Ministerio de las Culturas.<\/p>\n<p class=\"\" data-start=\"1706\" data-end=\"2023\"><strong>En Vallenar, el Centro de Creaci\u00f3n Art\u00edstica CECREA lanzar\u00e1 el libro \u201cEntre Telones y Sue\u00f1os\u201d, el viernes 9 de mayo a las 18:00 horas.<\/strong> El volumen re\u00fane tres textos dram\u00e1ticos escritos y estrenados por j\u00f3venes de la Escuela de Teatro Adolescente, y ser\u00e1 distribuido en un evento que incluir\u00e1 lecturas dramatizadas.<\/p>\n<p class=\"\" data-start=\"2025\" data-end=\"2317\">La seremi Carolina Armenakis Daher extendi\u00f3 la invitaci\u00f3n a la comunidad regional a sumarse a las celebraciones que tambi\u00e9n incluyen iniciativas impulsadas por municipios y organizaciones culturales locales, reafirmando el compromiso con el desarrollo de las artes esc\u00e9nicas en el territorio.<\/p>\n","protected":false},"excerpt":{"rendered":"<p>En homenaje a Andr\u00e9s P\u00e9rez, la regi\u00f3n ofrecer\u00e1 presentaciones en Copiap\u00f3 y Vallenar, con destacadas actrices nacionales y creaciones locales, gracias al apoyo de la&hellip; <\/p>\n","protected":false},"author":6,"featured_media":91022,"comment_status":"closed","ping_status":"closed","sticky":false,"template":"","format":"standard","meta":{"footnotes":""},"categories":[38],"tags":[],"class_list":["post-91021","post","type-post","status-publish","format-standard","has-post-thumbnail","hentry","category-portada-regional"],"_links":{"self":[{"href":"https:\/\/www.radioamigavallenar.cl\/index.php?rest_route=\/wp\/v2\/posts\/91021","targetHints":{"allow":["GET"]}}],"collection":[{"href":"https:\/\/www.radioamigavallenar.cl\/index.php?rest_route=\/wp\/v2\/posts"}],"about":[{"href":"https:\/\/www.radioamigavallenar.cl\/index.php?rest_route=\/wp\/v2\/types\/post"}],"author":[{"embeddable":true,"href":"https:\/\/www.radioamigavallenar.cl\/index.php?rest_route=\/wp\/v2\/users\/6"}],"replies":[{"embeddable":true,"href":"https:\/\/www.radioamigavallenar.cl\/index.php?rest_route=%2Fwp%2Fv2%2Fcomments&post=91021"}],"version-history":[{"count":1,"href":"https:\/\/www.radioamigavallenar.cl\/index.php?rest_route=\/wp\/v2\/posts\/91021\/revisions"}],"predecessor-version":[{"id":91023,"href":"https:\/\/www.radioamigavallenar.cl\/index.php?rest_route=\/wp\/v2\/posts\/91021\/revisions\/91023"}],"wp:featuredmedia":[{"embeddable":true,"href":"https:\/\/www.radioamigavallenar.cl\/index.php?rest_route=\/wp\/v2\/media\/91022"}],"wp:attachment":[{"href":"https:\/\/www.radioamigavallenar.cl\/index.php?rest_route=%2Fwp%2Fv2%2Fmedia&parent=91021"}],"wp:term":[{"taxonomy":"category","embeddable":true,"href":"https:\/\/www.radioamigavallenar.cl\/index.php?rest_route=%2Fwp%2Fv2%2Fcategories&post=91021"},{"taxonomy":"post_tag","embeddable":true,"href":"https:\/\/www.radioamigavallenar.cl\/index.php?rest_route=%2Fwp%2Fv2%2Ftags&post=91021"}],"curies":[{"name":"wp","href":"https:\/\/api.w.org\/{rel}","templated":true}]}}