{"id":90997,"date":"2025-05-07T10:45:10","date_gmt":"2025-05-07T13:45:10","guid":{"rendered":"https:\/\/www.radioamigavallenar.cl\/?p=90997"},"modified":"2025-05-07T10:45:10","modified_gmt":"2025-05-07T13:45:10","slug":"evelyn-matthei-propone-fortalecer-la-educacion-tecnico-profesional-como-eje-del-desarrollo-nacional","status":"publish","type":"post","link":"https:\/\/www.radioamigavallenar.cl\/?p=90997","title":{"rendered":"Evelyn Matthei propone fortalecer la educaci\u00f3n t\u00e9cnico profesional como eje del desarrollo nacional"},"content":{"rendered":"<p class=\"\" data-start=\"115\" data-end=\"353\"><strong>La candidata presidencial anunci\u00f3 una ambiciosa estrategia para potenciar la formaci\u00f3n t\u00e9cnica en Chile, que incluye becas internacionales, alianzas con empresas tecnol\u00f3gicas, y un Fondo Nacional de Innovaci\u00f3n para el sector.<\/strong><\/p>\n<p class=\"\" data-start=\"386\" data-end=\"870\">La candidata presidencial Evelyn Matthei present\u00f3 este martes una propuesta integral para el fortalecimiento de la educaci\u00f3n t\u00e9cnico profesional en Chile, con el objetivo de impulsar el empleo, aumentar la productividad y alinear la formaci\u00f3n con las necesidades estrat\u00e9gicas del pa\u00eds. Seg\u00fan explic\u00f3, actualmente Chile requiere cerca de 600 mil t\u00e9cnicos especialistas, lo que representa una oportunidad concreta de generar empleos de calidad y dinamizar sectores clave de la econom\u00eda.<\/p>\n<p class=\"\" data-start=\"872\" data-end=\"1226\">\u201cPriorizar la educaci\u00f3n t\u00e9cnico profesional y una nueva pol\u00edtica de capacitaci\u00f3n de calidad es una apuesta estrat\u00e9gica por el desarrollo del pa\u00eds. Es invertir en las personas que sostienen los servicios, las industrias, los cuidados, las nuevas tecnolog\u00edas y los territorios\u201d, afirm\u00f3 Matthei tras reunirse con estudiantes del centro de formaci\u00f3n INFOCAP.<\/p>\n<p class=\"\" data-start=\"1228\" data-end=\"1542\">La propuesta contempla la creaci\u00f3n de un sistema de becas al extranjero para estudiantes t\u00e9cnicos, con pasant\u00edas de dos a seis meses en pa\u00edses como Espa\u00f1a, Australia, Alemania, Canad\u00e1 y Finlandia. Estas experiencias estar\u00e1n enfocadas en \u00e1reas productivas como la miner\u00eda, la agroindustria y las tecnolog\u00edas verdes.<\/p>\n<p class=\"\" data-start=\"1544\" data-end=\"1916\">Asimismo, se impulsar\u00e1n acuerdos con empresas tecnol\u00f3gicas globales para incorporar certificaciones internacionales en los curr\u00edculums de liceos t\u00e9cnicos, centros de formaci\u00f3n t\u00e9cnica (CFT) e institutos profesionales (IP). Estos convenios buscar\u00e1n tambi\u00e9n capacitar a docentes en habilidades digitales y facilitar la reconversi\u00f3n profesional a lo largo de la vida laboral.<\/p>\n<p class=\"\" data-start=\"1918\" data-end=\"2233\">Matthei anunci\u00f3, adem\u00e1s, la creaci\u00f3n de un Fondo Nacional de Innovaci\u00f3n Formativa T\u00e9cnico Profesional, destinado exclusivamente a financiar proyectos que promuevan la modernizaci\u00f3n curricular, la formaci\u00f3n de docentes, la adquisici\u00f3n de tecnolog\u00eda y el fortalecimiento de alianzas con el sector privado en regiones.<\/p>\n<p class=\"\" data-start=\"2235\" data-end=\"2561\">En materia de financiamiento, la ex alcaldesa explic\u00f3 que se realizar\u00e1 una reforma en la franquicia tributaria del SENCE, estableciendo un mayor control sobre las capacitaciones y exigiendo un copago empresarial. Las devoluciones de impuestos se realizar\u00e1n s\u00f3lo por cursos efectivamente rendidos y con resultados comprobables.<\/p>\n<p class=\"\" data-start=\"2563\" data-end=\"2763\">\u201cDebemos destinar los recursos donde verdaderamente puedan hacer una diferencia. La educaci\u00f3n t\u00e9cnico profesional es un motor de desarrollo y debemos darle la relevancia que merece\u201d, concluy\u00f3 Matthei.<\/p>\n","protected":false},"excerpt":{"rendered":"<p>La candidata presidencial anunci\u00f3 una ambiciosa estrategia para potenciar la formaci\u00f3n t\u00e9cnica en Chile, que incluye becas internacionales, alianzas con empresas tecnol\u00f3gicas, y un Fondo&hellip; <\/p>\n","protected":false},"author":6,"featured_media":85700,"comment_status":"closed","ping_status":"closed","sticky":false,"template":"","format":"standard","meta":{"footnotes":""},"categories":[37],"tags":[],"class_list":["post-90997","post","type-post","status-publish","format-standard","has-post-thumbnail","hentry","category-nacional"],"_links":{"self":[{"href":"https:\/\/www.radioamigavallenar.cl\/index.php?rest_route=\/wp\/v2\/posts\/90997","targetHints":{"allow":["GET"]}}],"collection":[{"href":"https:\/\/www.radioamigavallenar.cl\/index.php?rest_route=\/wp\/v2\/posts"}],"about":[{"href":"https:\/\/www.radioamigavallenar.cl\/index.php?rest_route=\/wp\/v2\/types\/post"}],"author":[{"embeddable":true,"href":"https:\/\/www.radioamigavallenar.cl\/index.php?rest_route=\/wp\/v2\/users\/6"}],"replies":[{"embeddable":true,"href":"https:\/\/www.radioamigavallenar.cl\/index.php?rest_route=%2Fwp%2Fv2%2Fcomments&post=90997"}],"version-history":[{"count":1,"href":"https:\/\/www.radioamigavallenar.cl\/index.php?rest_route=\/wp\/v2\/posts\/90997\/revisions"}],"predecessor-version":[{"id":90998,"href":"https:\/\/www.radioamigavallenar.cl\/index.php?rest_route=\/wp\/v2\/posts\/90997\/revisions\/90998"}],"wp:featuredmedia":[{"embeddable":true,"href":"https:\/\/www.radioamigavallenar.cl\/index.php?rest_route=\/wp\/v2\/media\/85700"}],"wp:attachment":[{"href":"https:\/\/www.radioamigavallenar.cl\/index.php?rest_route=%2Fwp%2Fv2%2Fmedia&parent=90997"}],"wp:term":[{"taxonomy":"category","embeddable":true,"href":"https:\/\/www.radioamigavallenar.cl\/index.php?rest_route=%2Fwp%2Fv2%2Fcategories&post=90997"},{"taxonomy":"post_tag","embeddable":true,"href":"https:\/\/www.radioamigavallenar.cl\/index.php?rest_route=%2Fwp%2Fv2%2Ftags&post=90997"}],"curies":[{"name":"wp","href":"https:\/\/api.w.org\/{rel}","templated":true}]}}