{"id":9073,"date":"2018-03-28T12:47:54","date_gmt":"2018-03-28T15:47:54","guid":{"rendered":"http:\/\/www.radioamigavallenar.cl\/?p=9073"},"modified":"2018-03-28T12:47:54","modified_gmt":"2018-03-28T15:47:54","slug":"proyecto-que-estimula-actividad-fisica-en-colegios-fue-valorado-por-senadora-provoste","status":"publish","type":"post","link":"https:\/\/www.radioamigavallenar.cl\/?p=9073","title":{"rendered":"Proyecto que estimula actividad f\u00edsica en colegios fue valorado por Senadora Provoste"},"content":{"rendered":"<p><a href=\"http:\/\/www.radioamigavallenar.cl\/wp-content\/uploads\/2018\/03\/Ilustra-EF.jpg\"><img loading=\"lazy\" decoding=\"async\" class=\" aligncenter\" src=\"http:\/\/www.radioamigavallenar.cl\/wp-content\/uploads\/2018\/03\/Ilustra-EF-300x187.jpg\" alt=\"Ilustra EF\" width=\"300\" height=\"187\" \/><\/a><\/p>\n<p style=\"text-align: justify;\"><span lang=\"ES\"><span style=\"font-size: medium;\">En esa l\u00ednea, la parlamentaria detall\u00f3 que la norma tiene por objeto disminuir los niveles de sedentarismo, obesidad y sobrepeso en menores de edad, aumentando los tiempos destinados a la actividad f\u00edsica dentro de la jornada escolar, as\u00ed como tambi\u00e9n promover la educaci\u00f3n sobre la importancia de desarrollar h\u00e1bitos saludables en torno al deporte y la actividad f\u00edsica.<\/span><\/span><\/p>\n<p style=\"text-align: justify;\">Asimismo, Yasna Provoste puntualiz\u00f3 que\u00a0 se declara que el acceso a la pr\u00e1ctica regular de actividad f\u00edsica y deporte contribuye al desarrollo general de los ni\u00f1os, ni\u00f1as y adolescentes y es un elemento esencial para una educaci\u00f3n integral, tanto en el \u00e1mbito personal como en el social.<\/p>\n<p style=\"text-align: justify;\">En esa l\u00ednea, la representante de la \u00a0regi\u00f3n de Atacama agreg\u00f3 que todo el sistema educativo, tanto p\u00fablico como privado, deber\u00e1 promover la pr\u00e1ctica regular de actividad f\u00edsica y deporte, debiendo ser considerada como una estrategia de aprendizaje, que permita la formaci\u00f3n integral de los estudiantes.<\/p>\n<p style=\"text-align: justify;\">Adem\u00e1s, la senadora DC explic\u00f3 que se establece que la pr\u00e1ctica de actividad f\u00edsica deber\u00e1 ser de al menos 60 minutos diarios y puede consistir en juegos, ejercicios, actividades recreativas colectivas, competitivas o no competitivas, u otras acciones que involucren movimiento corporal y que respondan a los intereses de los estudiantes, a lo largo de la jornada escolar.<\/p>\n<p style=\"text-align: justify;\">Por \u00faltimo, la parlamentaria indic\u00f3 que se modifica la Ley sobre composici\u00f3n nutricional de los alimentos y su publicidad, incorporando la prohibici\u00f3n de expender aqu\u00e9llos con alto contenido de calor\u00edas, grasas, az\u00facares, sal u otros, no s\u00f3lo dentro de los colegios, sino tambi\u00e9n en los puntos de acceso a los mismos.<\/p>\n","protected":false},"excerpt":{"rendered":"<p>En esa l\u00ednea, la parlamentaria detall\u00f3 que la norma tiene por objeto disminuir los niveles de sedentarismo, obesidad y sobrepeso en menores de edad, aumentando&hellip; <\/p>\n","protected":false},"author":2,"featured_media":9074,"comment_status":"open","ping_status":"closed","sticky":false,"template":"","format":"standard","meta":{"footnotes":""},"categories":[8],"tags":[],"class_list":["post-9073","post","type-post","status-publish","format-standard","has-post-thumbnail","hentry","category-deportes"],"_links":{"self":[{"href":"https:\/\/www.radioamigavallenar.cl\/index.php?rest_route=\/wp\/v2\/posts\/9073","targetHints":{"allow":["GET"]}}],"collection":[{"href":"https:\/\/www.radioamigavallenar.cl\/index.php?rest_route=\/wp\/v2\/posts"}],"about":[{"href":"https:\/\/www.radioamigavallenar.cl\/index.php?rest_route=\/wp\/v2\/types\/post"}],"author":[{"embeddable":true,"href":"https:\/\/www.radioamigavallenar.cl\/index.php?rest_route=\/wp\/v2\/users\/2"}],"replies":[{"embeddable":true,"href":"https:\/\/www.radioamigavallenar.cl\/index.php?rest_route=%2Fwp%2Fv2%2Fcomments&post=9073"}],"version-history":[{"count":0,"href":"https:\/\/www.radioamigavallenar.cl\/index.php?rest_route=\/wp\/v2\/posts\/9073\/revisions"}],"wp:featuredmedia":[{"embeddable":true,"href":"https:\/\/www.radioamigavallenar.cl\/index.php?rest_route=\/wp\/v2\/media\/9074"}],"wp:attachment":[{"href":"https:\/\/www.radioamigavallenar.cl\/index.php?rest_route=%2Fwp%2Fv2%2Fmedia&parent=9073"}],"wp:term":[{"taxonomy":"category","embeddable":true,"href":"https:\/\/www.radioamigavallenar.cl\/index.php?rest_route=%2Fwp%2Fv2%2Fcategories&post=9073"},{"taxonomy":"post_tag","embeddable":true,"href":"https:\/\/www.radioamigavallenar.cl\/index.php?rest_route=%2Fwp%2Fv2%2Ftags&post=9073"}],"curies":[{"name":"wp","href":"https:\/\/api.w.org\/{rel}","templated":true}]}}