{"id":90645,"date":"2025-04-22T12:14:44","date_gmt":"2025-04-22T15:14:44","guid":{"rendered":"https:\/\/www.radioamigavallenar.cl\/?p=90645"},"modified":"2025-04-22T12:14:44","modified_gmt":"2025-04-22T15:14:44","slug":"allanamiento-en-carcel-de-copiapo-permite-incautacion-de-droga-y-armas-artesanales","status":"publish","type":"post","link":"https:\/\/www.radioamigavallenar.cl\/?p=90645","title":{"rendered":"Allanamiento en c\u00e1rcel de Copiap\u00f3 permite incautaci\u00f3n de droga y armas artesanales"},"content":{"rendered":"<p class=\"\" data-start=\"184\" data-end=\"396\"><strong data-start=\"184\" data-end=\"396\">El operativo, parte del Plan Nacional de Seguridad Penitenciaria, se realiz\u00f3 en dos patios del Complejo Penitenciario de Copiap\u00f3 y permiti\u00f3 incautar pasta base, tel\u00e9fonos celulares y elementos cortopunzantes.<\/strong><\/p>\n<p class=\"\" data-start=\"398\" data-end=\"678\">En el marco del Plan de Seguridad Penitenciaria Contra el Crimen Organizado, impulsado por el Ministerio de Justicia y Gendarmer\u00eda de Chile, se realiz\u00f3 un nuevo operativo simult\u00e1neo a nivel nacional, siendo intervenido en la Regi\u00f3n de Atacama el Complejo Penitenciario de Copiap\u00f3.<\/p>\n<p class=\"\" data-start=\"680\" data-end=\"1011\">El procedimiento, efectuado en los patios N\u00b01 y N\u00b02 del m\u00f3dulo de internos condenados, abarc\u00f3 a un total de 256 personas privadas de libertad. Durante el allanamiento, el personal penitenciario logr\u00f3 incautar 79 gramos de pasta base de coca\u00edna, seis tel\u00e9fonos celulares y una serie de armas cortopunzantes de fabricaci\u00f3n artesanal.<\/p>\n<p class=\"\" data-start=\"1013\" data-end=\"1537\">El director regional de Gendarmer\u00eda, coronel Ervin Wandersleben, explic\u00f3 que la operaci\u00f3n se concentr\u00f3 en sectores de alta peligrosidad y cont\u00f3 con la participaci\u00f3n de unidades especializadas como las USEP (Unidades de Servicios Especiales Penitenciarios) y el Equipo de Canes Adiestrados (ECA). \u201cNuestro compromiso con la seguridad p\u00fablica es un mandato que buscamos cumplir realizando un trabajo exhaustivo para sacar de circulaci\u00f3n elementos prohibidos, velando por la seguridad penitenciaria y de la ciudadan\u00eda\u201d, se\u00f1al\u00f3.<\/p>\n<p class=\"\" data-start=\"1539\" data-end=\"1997\">Por su parte, el seremi de Justicia y Derechos Humanos de Atacama, Tom\u00e1s Garay, destac\u00f3 que estas acciones permiten reforzar el control y minimizar eventos cr\u00edticos. \u201cApuntan a detectar oportunamente elementos prohibidos y situaciones de riesgo que puedan derivar en la ocurrencia de il\u00edcitos al interior de los penales. Agradecemos la permanente labor de los funcionarios para garantizar el control y la seguridad en los recintos de nuestra regi\u00f3n\u201d, indic\u00f3.<\/p>\n<p class=\"\" data-start=\"1999\" data-end=\"2146\">Este fue el s\u00e9ptimo operativo simult\u00e1neo ejecutado a nivel nacional como parte del plan de combate al crimen organizado en recintos penitenciarios.<\/p>\n","protected":false},"excerpt":{"rendered":"<p>El operativo, parte del Plan Nacional de Seguridad Penitenciaria, se realiz\u00f3 en dos patios del Complejo Penitenciario de Copiap\u00f3 y permiti\u00f3 incautar pasta base, tel\u00e9fonos&hellip; <\/p>\n","protected":false},"author":6,"featured_media":90646,"comment_status":"closed","ping_status":"closed","sticky":false,"template":"","format":"standard","meta":{"footnotes":""},"categories":[7],"tags":[],"class_list":["post-90645","post","type-post","status-publish","format-standard","has-post-thumbnail","hentry","category-atacama"],"_links":{"self":[{"href":"https:\/\/www.radioamigavallenar.cl\/index.php?rest_route=\/wp\/v2\/posts\/90645","targetHints":{"allow":["GET"]}}],"collection":[{"href":"https:\/\/www.radioamigavallenar.cl\/index.php?rest_route=\/wp\/v2\/posts"}],"about":[{"href":"https:\/\/www.radioamigavallenar.cl\/index.php?rest_route=\/wp\/v2\/types\/post"}],"author":[{"embeddable":true,"href":"https:\/\/www.radioamigavallenar.cl\/index.php?rest_route=\/wp\/v2\/users\/6"}],"replies":[{"embeddable":true,"href":"https:\/\/www.radioamigavallenar.cl\/index.php?rest_route=%2Fwp%2Fv2%2Fcomments&post=90645"}],"version-history":[{"count":1,"href":"https:\/\/www.radioamigavallenar.cl\/index.php?rest_route=\/wp\/v2\/posts\/90645\/revisions"}],"predecessor-version":[{"id":90647,"href":"https:\/\/www.radioamigavallenar.cl\/index.php?rest_route=\/wp\/v2\/posts\/90645\/revisions\/90647"}],"wp:featuredmedia":[{"embeddable":true,"href":"https:\/\/www.radioamigavallenar.cl\/index.php?rest_route=\/wp\/v2\/media\/90646"}],"wp:attachment":[{"href":"https:\/\/www.radioamigavallenar.cl\/index.php?rest_route=%2Fwp%2Fv2%2Fmedia&parent=90645"}],"wp:term":[{"taxonomy":"category","embeddable":true,"href":"https:\/\/www.radioamigavallenar.cl\/index.php?rest_route=%2Fwp%2Fv2%2Fcategories&post=90645"},{"taxonomy":"post_tag","embeddable":true,"href":"https:\/\/www.radioamigavallenar.cl\/index.php?rest_route=%2Fwp%2Fv2%2Ftags&post=90645"}],"curies":[{"name":"wp","href":"https:\/\/api.w.org\/{rel}","templated":true}]}}