{"id":9058,"date":"2018-03-28T08:41:27","date_gmt":"2018-03-28T11:41:27","guid":{"rendered":"http:\/\/www.radioamigavallenar.cl\/?p=9058"},"modified":"2018-03-28T10:45:27","modified_gmt":"2018-03-28T13:45:27","slug":"gobernador-visita-a-familias-victimas-del-aluvion-del-2015-en-alto-del-carmen","status":"publish","type":"post","link":"https:\/\/www.radioamigavallenar.cl\/?p=9058","title":{"rendered":"Gobernador visita a familias v\u00edctimas del aluvi\u00f3n del 2015 en Alto del Carmen"},"content":{"rendered":"<p style=\"text-align: justify;\"><a href=\"http:\/\/www.radioamigavallenar.cl\/wp-content\/uploads\/2018\/03\/Victimas-de-aluvion.jpg\"><img loading=\"lazy\" decoding=\"async\" class=\" size-medium wp-image-9060 aligncenter\" src=\"http:\/\/www.radioamigavallenar.cl\/wp-content\/uploads\/2018\/03\/Victimas-de-aluvion-300x225.jpg\" alt=\"Victimas de aluvion\" width=\"300\" height=\"225\" srcset=\"https:\/\/www.radioamigavallenar.cl\/wp-content\/uploads\/2018\/03\/Victimas-de-aluvion-300x225.jpg 300w, https:\/\/www.radioamigavallenar.cl\/wp-content\/uploads\/2018\/03\/Victimas-de-aluvion.jpg 700w\" sizes=\"auto, (max-width: 300px) 100vw, 300px\" \/><\/a><\/p>\n<p style=\"text-align: justify;\">Mediante peque\u00f1os y sencillos actos pero llenos de emotividad, la comuna de Alto del Carmen, record\u00f3 los hechos y las v\u00edctimas del aluvi\u00f3n del 2015. Las actividades se llevaron a cabo en las localidades de Chig\u00fcinto, en donde se record\u00f3 la p\u00e9rdida del vecino del sector Aliro Mu\u00f1oz y posteriormente, en el sector de La Mesilla, por el valle de El Carmen, en donde se instalaron ofrendas en memoria de los integrantes de la familia Larra\u00edn; Francisco Larra\u00edn Susaeta, Francisco Larra\u00edn Arizt\u00eda y de Adelaida Susaeta Saenz, v\u00edctimas de la cat\u00e1strofe natural que afect\u00f3 a esta comuna en marzo de 2015.<\/p>\n<p style=\"text-align: justify;\">El acto estuvo encabezado por el gobernador de la provincia del Huasco, Patricio Urquieta, quien lleg\u00f3 hasta el lugar para acompa\u00f1ar a la alcaldesa de la comuna, Carmen Bou, a los vecinos de los sectores\u00a0 afectados y amigos de las v\u00edctimas. La autoridad de gobierno destac\u00f3 que ha sido una especial preocupaci\u00f3n\u00a0 la del Presidente Sebasti\u00e1n Pi\u00f1era, la situaci\u00f3n que afecto a la comuna luego de los eventos\u00a0 ocurrido en marzo del 2015, y \u201cnos ha pedido de manera muy especial el estar con la gente\u00a0 en estos momentos de sensibilidad y dedicar todos nuestros esfuerzos a prepararnos para el futuro porque entendemos que las emergencia pueden venir en cualquier momento y van a exigir de nosotros el mayor compromiso con la sociedad civil, con los organismos p\u00fablicos de tal forma que podamos enfrentar de la mejor manera cualquier situaci\u00f3n que se nos presente en el futuro\u201d, expres\u00f3.<\/p>\n<p style=\"text-align: justify;\">En tanto la alcaldesa de la comuna, Carmen Bou, destac\u00f3 la emotividad de los actos, el empuje y la fuerza de los habitantes de su comuna, para ponerse de pie y reconstruir sus vidas, \u201cdespu\u00e9s de tres a\u00f1os podemos decir que de alguna forma hemos vuelto a la normalidad, si queda mucho por hacer aun y en esa tarea estamos todos hoy d\u00eda, trabajar para reconstruir las confianzas y fortalecer el accionar com\u00fan\u201d.<\/p>\n<p style=\"text-align: justify;\">Por su parte, Daniel Alvarez, presidente de la junta de vecinos de Chig\u00fcinto, expres\u00f3 \u201cEste es un momento de recogimiento que nos trae a la memoria los hechos ocurrido pero que al mismo tiempo nos llena de fuerzas para levantarnos y seguir trabajando\u201d, el dirigente agradeci\u00f3 la atenci\u00f3n y preocupaci\u00f3n que siempre ha tenido el municipio y el mantener vivo el recuerdo de quienes ya nos est\u00e1n.<\/p>\n","protected":false},"excerpt":{"rendered":"<p>Mediante peque\u00f1os y sencillos actos pero llenos de emotividad, la comuna de Alto del Carmen, record\u00f3 los hechos y las v\u00edctimas del aluvi\u00f3n del 2015.&hellip; <\/p>\n","protected":false},"author":2,"featured_media":9060,"comment_status":"open","ping_status":"closed","sticky":false,"template":"","format":"standard","meta":{"footnotes":""},"categories":[5],"tags":[],"class_list":["post-9058","post","type-post","status-publish","format-standard","has-post-thumbnail","hentry","category-alto-del-carmen"],"_links":{"self":[{"href":"https:\/\/www.radioamigavallenar.cl\/index.php?rest_route=\/wp\/v2\/posts\/9058","targetHints":{"allow":["GET"]}}],"collection":[{"href":"https:\/\/www.radioamigavallenar.cl\/index.php?rest_route=\/wp\/v2\/posts"}],"about":[{"href":"https:\/\/www.radioamigavallenar.cl\/index.php?rest_route=\/wp\/v2\/types\/post"}],"author":[{"embeddable":true,"href":"https:\/\/www.radioamigavallenar.cl\/index.php?rest_route=\/wp\/v2\/users\/2"}],"replies":[{"embeddable":true,"href":"https:\/\/www.radioamigavallenar.cl\/index.php?rest_route=%2Fwp%2Fv2%2Fcomments&post=9058"}],"version-history":[{"count":0,"href":"https:\/\/www.radioamigavallenar.cl\/index.php?rest_route=\/wp\/v2\/posts\/9058\/revisions"}],"wp:featuredmedia":[{"embeddable":true,"href":"https:\/\/www.radioamigavallenar.cl\/index.php?rest_route=\/wp\/v2\/media\/9060"}],"wp:attachment":[{"href":"https:\/\/www.radioamigavallenar.cl\/index.php?rest_route=%2Fwp%2Fv2%2Fmedia&parent=9058"}],"wp:term":[{"taxonomy":"category","embeddable":true,"href":"https:\/\/www.radioamigavallenar.cl\/index.php?rest_route=%2Fwp%2Fv2%2Fcategories&post=9058"},{"taxonomy":"post_tag","embeddable":true,"href":"https:\/\/www.radioamigavallenar.cl\/index.php?rest_route=%2Fwp%2Fv2%2Ftags&post=9058"}],"curies":[{"name":"wp","href":"https:\/\/api.w.org\/{rel}","templated":true}]}}