{"id":90509,"date":"2025-04-15T00:00:10","date_gmt":"2025-04-15T03:00:10","guid":{"rendered":"https:\/\/www.radioamigavallenar.cl\/?p=90509"},"modified":"2025-04-14T23:37:31","modified_gmt":"2025-04-15T02:37:31","slug":"primera-fecha-del-campeonato-de-automovilismo-2025-se-corrio-en-el-maranon-con-gran-marco-de-publico-y-emocionantes-definiciones","status":"publish","type":"post","link":"https:\/\/www.radioamigavallenar.cl\/?p=90509","title":{"rendered":"Primera fecha del Campeonato de Automovilismo 2025 se corri\u00f3 en El Mara\u00f1\u00f3n con gran marco de p\u00fablico y emocionantes definiciones"},"content":{"rendered":"<p class=\"\" data-start=\"390\" data-end=\"513\"><strong>La jornada organizada por el Team Los Candestinos marc\u00f3 el inicio de la temporada y premi\u00f3 a pilotos en cinco categor\u00edas.<\/strong><\/p>\n<p class=\"\" data-start=\"515\" data-end=\"974\">Este domingo se llev\u00f3 a cabo la primera fecha del Campeonato de Automovilismo 2025 en el recinto deportivo de El Mara\u00f1\u00f3n, comuna de Vallenar, con una masiva participaci\u00f3n de corredores y p\u00fablico. El evento fue organizado por el Team Los Candestinos y cont\u00f3 con el respaldo de la Ilustre Municipalidad de Vallenar, que entreg\u00f3 una importante cantidad de trofeos, copas y medallas para corredores, equipos t\u00e9cnicos y familias.<\/p>\n<p class=\"\" data-start=\"976\" data-end=\"1267\">La jornada, desarrollada sin inconvenientes, destac\u00f3 por su ambiente familiar, alto nivel competitivo y una re\u00f1ida presencia de pilotos en pista. La fecha incluy\u00f3 el debut de varios novatos y la presencia de cl\u00e1sicos modelos como Fiat 600 y Nissan V16, que animaron cada manga del campeonato.<\/p>\n<p class=\"\" data-start=\"1269\" data-end=\"1433\">Durante la actividad tambi\u00e9n se realiz\u00f3 una premiaci\u00f3n que reconoci\u00f3 el esfuerzo de los participantes en cinco categor\u00edas. A continuaci\u00f3n, los resultados oficiales:<\/p>\n<p class=\"\" data-start=\"1435\" data-end=\"1458\"><strong data-start=\"1435\" data-end=\"1456\">Categor\u00eda Novatos<\/strong><\/p>\n<ol data-start=\"1459\" data-end=\"1547\">\n<li class=\"\" data-start=\"1459\" data-end=\"1487\">\n<p class=\"\" data-start=\"1462\" data-end=\"1487\">Marcelo Alcayaga (hijo)<\/p>\n<\/li>\n<li class=\"\" data-start=\"1488\" data-end=\"1514\">\n<p class=\"\" data-start=\"1491\" data-end=\"1514\">Rub\u00e9n Gonzales (hijo)<\/p>\n<\/li>\n<li class=\"\" data-start=\"1515\" data-end=\"1547\">\n<p class=\"\" data-start=\"1518\" data-end=\"1547\">Lisbeth Suesc\u00fan (Venezuela)<\/p>\n<\/li>\n<\/ol>\n<p class=\"\" data-start=\"1549\" data-end=\"1572\"><strong data-start=\"1549\" data-end=\"1570\">Est\u00e1ndar Nacional<\/strong><\/p>\n<ol data-start=\"1573\" data-end=\"1632\">\n<li class=\"\" data-start=\"1573\" data-end=\"1594\">\n<p class=\"\" data-start=\"1576\" data-end=\"1594\">Claudio Villagra<\/p>\n<\/li>\n<li class=\"\" data-start=\"1595\" data-end=\"1613\">\n<p class=\"\" data-start=\"1598\" data-end=\"1613\">Rodrigo Zoff\u00e9<\/p>\n<\/li>\n<li class=\"\" data-start=\"1614\" data-end=\"1632\">\n<p class=\"\" data-start=\"1617\" data-end=\"1632\">Memo Gonzales<\/p>\n<\/li>\n<\/ol>\n<p class=\"\" data-start=\"1634\" data-end=\"1651\"><strong data-start=\"1634\" data-end=\"1649\">Turismo 600<\/strong><\/p>\n<ol data-start=\"1652\" data-end=\"1728\">\n<li class=\"\" data-start=\"1652\" data-end=\"1681\">\n<p class=\"\" data-start=\"1655\" data-end=\"1681\">Marcelo Alcayaga (padre)<\/p>\n<\/li>\n<li class=\"\" data-start=\"1682\" data-end=\"1700\">\n<p class=\"\" data-start=\"1685\" data-end=\"1700\">Claudio Pinto<\/p>\n<\/li>\n<li class=\"\" data-start=\"1701\" data-end=\"1728\">\n<p class=\"\" data-start=\"1704\" data-end=\"1728\">Rub\u00e9n Gonzales (padre)<\/p>\n<\/li>\n<\/ol>\n<p class=\"\" data-start=\"1730\" data-end=\"1748\"><strong data-start=\"1730\" data-end=\"1746\">Fuerza Libre<\/strong><\/p>\n<ol data-start=\"1749\" data-end=\"1810\">\n<li class=\"\" data-start=\"1749\" data-end=\"1768\">\n<p class=\"\" data-start=\"1752\" data-end=\"1768\">C\u00e1ndido Rivera<\/p>\n<\/li>\n<li class=\"\" data-start=\"1769\" data-end=\"1790\">\n<p class=\"\" data-start=\"1772\" data-end=\"1790\">Eduardo Divannio<\/p>\n<\/li>\n<li class=\"\" data-start=\"1791\" data-end=\"1810\">\n<p class=\"\" data-start=\"1794\" data-end=\"1810\">Jos\u00e9 Luis Abey<\/p>\n<\/li>\n<\/ol>\n<p class=\"\" data-start=\"1812\" data-end=\"1838\"><strong data-start=\"1812\" data-end=\"1836\">Potenciados 1.600 cc<\/strong><\/p>\n<ol data-start=\"1839\" data-end=\"1862\">\n<li class=\"\" data-start=\"1839\" data-end=\"1862\">\n<p class=\"\" data-start=\"1842\" data-end=\"1862\">Jorge Morales (V-16)<\/p>\n<\/li>\n<\/ol>\n<p class=\"\" data-start=\"1864\" data-end=\"2069\">El evento fue calificado como exitoso por la organizaci\u00f3n, tanto por su convocatoria como por la calidad de la competencia. La pr\u00f3xima fecha del campeonato ser\u00e1 anunciada durante la primera semana de mayo.<\/p>\n","protected":false},"excerpt":{"rendered":"<p>La jornada organizada por el Team Los Candestinos marc\u00f3 el inicio de la temporada y premi\u00f3 a pilotos en cinco categor\u00edas. Este domingo se llev\u00f3&hellip; <\/p>\n","protected":false},"author":6,"featured_media":90510,"comment_status":"closed","ping_status":"closed","sticky":false,"template":"","format":"standard","meta":{"footnotes":""},"categories":[38],"tags":[],"class_list":["post-90509","post","type-post","status-publish","format-standard","has-post-thumbnail","hentry","category-portada-regional"],"_links":{"self":[{"href":"https:\/\/www.radioamigavallenar.cl\/index.php?rest_route=\/wp\/v2\/posts\/90509","targetHints":{"allow":["GET"]}}],"collection":[{"href":"https:\/\/www.radioamigavallenar.cl\/index.php?rest_route=\/wp\/v2\/posts"}],"about":[{"href":"https:\/\/www.radioamigavallenar.cl\/index.php?rest_route=\/wp\/v2\/types\/post"}],"author":[{"embeddable":true,"href":"https:\/\/www.radioamigavallenar.cl\/index.php?rest_route=\/wp\/v2\/users\/6"}],"replies":[{"embeddable":true,"href":"https:\/\/www.radioamigavallenar.cl\/index.php?rest_route=%2Fwp%2Fv2%2Fcomments&post=90509"}],"version-history":[{"count":1,"href":"https:\/\/www.radioamigavallenar.cl\/index.php?rest_route=\/wp\/v2\/posts\/90509\/revisions"}],"predecessor-version":[{"id":90511,"href":"https:\/\/www.radioamigavallenar.cl\/index.php?rest_route=\/wp\/v2\/posts\/90509\/revisions\/90511"}],"wp:featuredmedia":[{"embeddable":true,"href":"https:\/\/www.radioamigavallenar.cl\/index.php?rest_route=\/wp\/v2\/media\/90510"}],"wp:attachment":[{"href":"https:\/\/www.radioamigavallenar.cl\/index.php?rest_route=%2Fwp%2Fv2%2Fmedia&parent=90509"}],"wp:term":[{"taxonomy":"category","embeddable":true,"href":"https:\/\/www.radioamigavallenar.cl\/index.php?rest_route=%2Fwp%2Fv2%2Fcategories&post=90509"},{"taxonomy":"post_tag","embeddable":true,"href":"https:\/\/www.radioamigavallenar.cl\/index.php?rest_route=%2Fwp%2Fv2%2Ftags&post=90509"}],"curies":[{"name":"wp","href":"https:\/\/api.w.org\/{rel}","templated":true}]}}