{"id":90501,"date":"2025-04-15T00:00:02","date_gmt":"2025-04-15T03:00:02","guid":{"rendered":"https:\/\/www.radioamigavallenar.cl\/?p=90501"},"modified":"2025-04-14T23:14:44","modified_gmt":"2025-04-15T02:14:44","slug":"alcalde-de-alto-del-carmen-visita-curso-sence-de-operacion-de-excavadora","status":"publish","type":"post","link":"https:\/\/www.radioamigavallenar.cl\/?p=90501","title":{"rendered":"Alcalde de Alto del Carmen visita curso SENCE de operaci\u00f3n de excavadora"},"content":{"rendered":"<p class=\"\" data-start=\"242\" data-end=\"402\"><strong>La iniciativa busca fortalecer la empleabilidad en zonas rurales y promueve la participaci\u00f3n equitativa de mujeres y hombres en el rubro de maquinaria pesada.<\/strong><\/p>\n<p class=\"\" data-start=\"404\" data-end=\"724\">Un total de 17 vecinos y vecinas de la comuna participan en el curso de operaci\u00f3n de excavadora impulsado por el Servicio Nacional de Capacitaci\u00f3n y Empleo (SENCE), que se desarrolla en Alto del Carmen con miras a potenciar la empleabilidad local en el \u00e1mbito de la maquinaria pesada.<\/p>\n<p class=\"\" data-start=\"726\" data-end=\"1111\">La iniciativa, que contempla formaci\u00f3n te\u00f3rica y pr\u00e1ctica en terreno, cuenta con la participaci\u00f3n paritaria de 8 mujeres y 9 hombres provenientes de los sectores del Valle del Tr\u00e1nsito y Valle del Carmen. Este equilibrio evidencia el inter\u00e9s transversal por adquirir herramientas que faciliten el acceso a nuevas oportunidades laborales en una industria tradicionalmente masculinizada.<\/p>\n<p class=\"\" data-start=\"1113\" data-end=\"1438\">El alcalde Cristian Olivares visit\u00f3 a los participantes del curso, cuya finalizaci\u00f3n est\u00e1 programada para el 25 de abril, y comparti\u00f3 con ellos una jornada de di\u00e1logo y reconocimiento. Durante el encuentro, se abordaron las expectativas del grupo, as\u00ed como los desaf\u00edos que enfrentar\u00e1n una vez insertos en el mercado laboral.<\/p>\n<p class=\"\" data-start=\"1440\" data-end=\"1732\">\u201cLa convocatoria de este curso demuestra que hay un inter\u00e9s real por capacitarse, y eso abre la puerta para seguir postulando a este tipo de instancias. La formaci\u00f3n es clave para que las personas puedan mejorar sus condiciones de vida y acceder a empleos de calidad\u201d, se\u00f1al\u00f3 el alcalde.<\/p>\n<p class=\"\" data-start=\"1734\" data-end=\"1989\">La capacitaci\u00f3n forma parte del compromiso del SENCE con el desarrollo del capital humano en territorios rurales, promoviendo no solo el crecimiento econ\u00f3mico, sino tambi\u00e9n la equidad de g\u00e9nero y el desarrollo sostenible en comunidades apartadas del pa\u00eds.<\/p>\n","protected":false},"excerpt":{"rendered":"<p>La iniciativa busca fortalecer la empleabilidad en zonas rurales y promueve la participaci\u00f3n equitativa de mujeres y hombres en el rubro de maquinaria pesada. Un&hellip; <\/p>\n","protected":false},"author":6,"featured_media":90502,"comment_status":"closed","ping_status":"closed","sticky":false,"template":"","format":"standard","meta":{"footnotes":""},"categories":[38],"tags":[],"class_list":["post-90501","post","type-post","status-publish","format-standard","has-post-thumbnail","hentry","category-portada-regional"],"_links":{"self":[{"href":"https:\/\/www.radioamigavallenar.cl\/index.php?rest_route=\/wp\/v2\/posts\/90501","targetHints":{"allow":["GET"]}}],"collection":[{"href":"https:\/\/www.radioamigavallenar.cl\/index.php?rest_route=\/wp\/v2\/posts"}],"about":[{"href":"https:\/\/www.radioamigavallenar.cl\/index.php?rest_route=\/wp\/v2\/types\/post"}],"author":[{"embeddable":true,"href":"https:\/\/www.radioamigavallenar.cl\/index.php?rest_route=\/wp\/v2\/users\/6"}],"replies":[{"embeddable":true,"href":"https:\/\/www.radioamigavallenar.cl\/index.php?rest_route=%2Fwp%2Fv2%2Fcomments&post=90501"}],"version-history":[{"count":1,"href":"https:\/\/www.radioamigavallenar.cl\/index.php?rest_route=\/wp\/v2\/posts\/90501\/revisions"}],"predecessor-version":[{"id":90503,"href":"https:\/\/www.radioamigavallenar.cl\/index.php?rest_route=\/wp\/v2\/posts\/90501\/revisions\/90503"}],"wp:featuredmedia":[{"embeddable":true,"href":"https:\/\/www.radioamigavallenar.cl\/index.php?rest_route=\/wp\/v2\/media\/90502"}],"wp:attachment":[{"href":"https:\/\/www.radioamigavallenar.cl\/index.php?rest_route=%2Fwp%2Fv2%2Fmedia&parent=90501"}],"wp:term":[{"taxonomy":"category","embeddable":true,"href":"https:\/\/www.radioamigavallenar.cl\/index.php?rest_route=%2Fwp%2Fv2%2Fcategories&post=90501"},{"taxonomy":"post_tag","embeddable":true,"href":"https:\/\/www.radioamigavallenar.cl\/index.php?rest_route=%2Fwp%2Fv2%2Ftags&post=90501"}],"curies":[{"name":"wp","href":"https:\/\/api.w.org\/{rel}","templated":true}]}}