{"id":90487,"date":"2025-04-15T09:45:33","date_gmt":"2025-04-15T12:45:33","guid":{"rendered":"https:\/\/www.radioamigavallenar.cl\/?p=90487"},"modified":"2025-04-15T10:44:45","modified_gmt":"2025-04-15T13:44:45","slug":"alcalde-de-vallenar-gestiona-extension-de-convenio-para-mejoras-del-estadio-nelson-rojas","status":"publish","type":"post","link":"https:\/\/www.radioamigavallenar.cl\/?p=90487","title":{"rendered":"Alcalde de Vallenar gestiona extensi\u00f3n de convenio para mejoras del Estadio Nelson Rojas"},"content":{"rendered":"<p class=\"\" data-start=\"194\" data-end=\"357\"><strong data-start=\"194\" data-end=\"357\">Autoridades locales buscan asegurar la continuidad de las competencias deportivas antes del inicio de las obras en el principal recinto deportivo de la comuna.<\/strong><\/p>\n<p class=\"\" data-start=\"359\" data-end=\"760\">Con el objetivo de avanzar en la reposici\u00f3n y mejoras del Estadio Nelson Rojas, el alcalde de Vallenar, V\u00edctor Isla Lutz, sostuvo una reuni\u00f3n en Santiago con el director nacional del Instituto Nacional de Deportes (IND), Israel Castro. La gesti\u00f3n se realiz\u00f3 junto al diputado Cristian Tapia, representantes de la Asociaci\u00f3n de F\u00fatbol de Vallenar \u2014a trav\u00e9s de Waldo Ramos\u2014 y del Club Deportes Vallenar.<\/p>\n<p class=\"\" data-start=\"762\" data-end=\"1065\">En el encuentro, las autoridades trabajaron en la reformulaci\u00f3n del proyecto original para concretar su ejecuci\u00f3n hacia fines de este a\u00f1o, lo que permitir\u00e1 que el recinto deportivo contin\u00fae en funcionamiento durante la temporada de competencias de la Asociaci\u00f3n de F\u00fatbol y del equipo Deportes Vallenar.<\/p>\n<p class=\"\" data-start=\"1067\" data-end=\"1239\">El nuevo enfoque contempla la instalaci\u00f3n de una cancha de pasto sint\u00e9tico, una medida adoptada debido al alto uso del recinto y la necesidad de reducir el consumo de agua.<\/p>\n<p class=\"\" data-start=\"1241\" data-end=\"1561\">\u201cFue una reuni\u00f3n positiva, estamos avanzando en un proyecto clave para el deporte vallenarino. Sabemos que a\u00fan quedan tr\u00e1mites administrativos por completar, pero nuestro objetivo es claro: asegurar un estadio que est\u00e9 en buenas condiciones y que sea funcional, al servicio de toda la comunidad\u201d, se\u00f1al\u00f3 el alcalde Isla.<\/p>\n<p class=\"\" data-start=\"1563\" data-end=\"1802\">Desde el municipio reiteraron su compromiso con el fortalecimiento del deporte local como eje de desarrollo social, apuntando a mejorar las condiciones para deportistas y entregar espacios adecuados para la pr\u00e1ctica deportiva en la comuna.<\/p>\n","protected":false},"excerpt":{"rendered":"<p>Autoridades locales buscan asegurar la continuidad de las competencias deportivas antes del inicio de las obras en el principal recinto deportivo de la comuna. Con&hellip; <\/p>\n","protected":false},"author":6,"featured_media":90488,"comment_status":"closed","ping_status":"closed","sticky":false,"template":"","format":"standard","meta":{"footnotes":""},"categories":[38],"tags":[],"class_list":["post-90487","post","type-post","status-publish","format-standard","has-post-thumbnail","hentry","category-portada-regional"],"_links":{"self":[{"href":"https:\/\/www.radioamigavallenar.cl\/index.php?rest_route=\/wp\/v2\/posts\/90487","targetHints":{"allow":["GET"]}}],"collection":[{"href":"https:\/\/www.radioamigavallenar.cl\/index.php?rest_route=\/wp\/v2\/posts"}],"about":[{"href":"https:\/\/www.radioamigavallenar.cl\/index.php?rest_route=\/wp\/v2\/types\/post"}],"author":[{"embeddable":true,"href":"https:\/\/www.radioamigavallenar.cl\/index.php?rest_route=\/wp\/v2\/users\/6"}],"replies":[{"embeddable":true,"href":"https:\/\/www.radioamigavallenar.cl\/index.php?rest_route=%2Fwp%2Fv2%2Fcomments&post=90487"}],"version-history":[{"count":1,"href":"https:\/\/www.radioamigavallenar.cl\/index.php?rest_route=\/wp\/v2\/posts\/90487\/revisions"}],"predecessor-version":[{"id":90489,"href":"https:\/\/www.radioamigavallenar.cl\/index.php?rest_route=\/wp\/v2\/posts\/90487\/revisions\/90489"}],"wp:featuredmedia":[{"embeddable":true,"href":"https:\/\/www.radioamigavallenar.cl\/index.php?rest_route=\/wp\/v2\/media\/90488"}],"wp:attachment":[{"href":"https:\/\/www.radioamigavallenar.cl\/index.php?rest_route=%2Fwp%2Fv2%2Fmedia&parent=90487"}],"wp:term":[{"taxonomy":"category","embeddable":true,"href":"https:\/\/www.radioamigavallenar.cl\/index.php?rest_route=%2Fwp%2Fv2%2Fcategories&post=90487"},{"taxonomy":"post_tag","embeddable":true,"href":"https:\/\/www.radioamigavallenar.cl\/index.php?rest_route=%2Fwp%2Fv2%2Ftags&post=90487"}],"curies":[{"name":"wp","href":"https:\/\/api.w.org\/{rel}","templated":true}]}}