{"id":90481,"date":"2025-04-15T00:00:55","date_gmt":"2025-04-15T03:00:55","guid":{"rendered":"https:\/\/www.radioamigavallenar.cl\/?p=90481"},"modified":"2025-04-14T22:33:01","modified_gmt":"2025-04-15T01:33:01","slug":"seremi-del-medio-ambiente-invita-a-participar-en-proceso-de-clasificacion-de-especies-silvestres","status":"publish","type":"post","link":"https:\/\/www.radioamigavallenar.cl\/?p=90481","title":{"rendered":"Seremi del Medio Ambiente invita a participar en proceso de clasificaci\u00f3n de especies silvestres"},"content":{"rendered":"<p class=\"\" data-start=\"258\" data-end=\"400\"><strong data-start=\"258\" data-end=\"400\">Hasta el 25 de abril, la ciudadan\u00eda podr\u00e1 formular observaciones a la propuesta que incluye 71 especies, entre hongos, animales y plantas.<\/strong><\/p>\n<p class=\"\" data-start=\"402\" data-end=\"799\">El Ministerio del Medio Ambiente (MMA) mantiene abierta la consulta p\u00fablica correspondiente al vig\u00e9simo proceso de clasificaci\u00f3n de especies, contenida en la Resoluci\u00f3n Exenta N\u00b0 1069 del 24 de febrero de 2025. Esta instancia busca evaluar y categorizar el estado de conservaci\u00f3n de 71 especies silvestres nativas, incluyendo 2 especies de hongos, 28 especies de animales y 41 especies de plantas.<\/p>\n<p class=\"\" data-start=\"801\" data-end=\"1247\">Seg\u00fan explic\u00f3 la seremi del Medio Ambiente de Atacama, Natalia Penroz, este proceso \u201cpermite evaluar el nivel de amenaza de la diversidad biol\u00f3gica y, por ello, puede contribuir a priorizar recursos y esfuerzos en aquellas especies m\u00e1s amenazadas, al desarrollo de planes y programas de conservaci\u00f3n, a incrementar la investigaci\u00f3n sobre ellas, as\u00ed como tambi\u00e9n para su consideraci\u00f3n en el desarrollo de planificaci\u00f3n territorial y de inversi\u00f3n\u201d.<\/p>\n<p class=\"\" data-start=\"1249\" data-end=\"1457\">Entre las especies incluidas destaca la propuesta de reclasificaci\u00f3n del Ping\u00fcino de Humboldt (<em data-start=\"1344\" data-end=\"1366\">Spheniscus humboldti<\/em>), una de las aves marinas emblem\u00e1ticas del ecosistema costero del norte y centro del pa\u00eds.<\/p>\n<p class=\"\" data-start=\"1459\" data-end=\"1710\">El llamado est\u00e1 dirigido a todas las personas naturales o jur\u00eddicas interesadas en la conservaci\u00f3n de la biodiversidad, quienes podr\u00e1n presentar observaciones por escrito, acompa\u00f1ando los antecedentes que las fundamenten, hasta el 25 de abril de 2025.<\/p>\n<p class=\"\" data-start=\"1712\" data-end=\"1979\">Las observaciones pueden presentarse en las oficinas de partes del Ministerio del Medio Ambiente en todo el pa\u00eds o a trav\u00e9s del portal de consultas ciudadanas disponible en el sitio web: <a class=\"\" href=\"https:\/\/consultasciudadanas.mma.gob.cl\" target=\"_new\" rel=\"noopener\" data-start=\"1899\" data-end=\"1979\">https:\/\/consultasciudadanas.mma.gob.cl<\/a><\/p>\n<p class=\"\" data-start=\"1981\" data-end=\"2229\">Toda la informaci\u00f3n t\u00e9cnica, fichas de evaluaci\u00f3n y actas del proceso est\u00e1n disponibles en: <a class=\"\" href=\"https:\/\/clasificacionespecies.mma.gob.cl\/procesos-de-clasificacion\/20o-proceso-de-clasificacion-de-especies-2023\" target=\"_new\" rel=\"noopener\" data-start=\"2073\" data-end=\"2229\">https:\/\/clasificacionespecies.mma.gob.cl<\/a><\/p>\n","protected":false},"excerpt":{"rendered":"<p>Hasta el 25 de abril, la ciudadan\u00eda podr\u00e1 formular observaciones a la propuesta que incluye 71 especies, entre hongos, animales y plantas. El Ministerio del&hellip; <\/p>\n","protected":false},"author":6,"featured_media":90482,"comment_status":"closed","ping_status":"closed","sticky":false,"template":"","format":"standard","meta":{"footnotes":""},"categories":[7],"tags":[],"class_list":["post-90481","post","type-post","status-publish","format-standard","has-post-thumbnail","hentry","category-atacama"],"_links":{"self":[{"href":"https:\/\/www.radioamigavallenar.cl\/index.php?rest_route=\/wp\/v2\/posts\/90481","targetHints":{"allow":["GET"]}}],"collection":[{"href":"https:\/\/www.radioamigavallenar.cl\/index.php?rest_route=\/wp\/v2\/posts"}],"about":[{"href":"https:\/\/www.radioamigavallenar.cl\/index.php?rest_route=\/wp\/v2\/types\/post"}],"author":[{"embeddable":true,"href":"https:\/\/www.radioamigavallenar.cl\/index.php?rest_route=\/wp\/v2\/users\/6"}],"replies":[{"embeddable":true,"href":"https:\/\/www.radioamigavallenar.cl\/index.php?rest_route=%2Fwp%2Fv2%2Fcomments&post=90481"}],"version-history":[{"count":1,"href":"https:\/\/www.radioamigavallenar.cl\/index.php?rest_route=\/wp\/v2\/posts\/90481\/revisions"}],"predecessor-version":[{"id":90483,"href":"https:\/\/www.radioamigavallenar.cl\/index.php?rest_route=\/wp\/v2\/posts\/90481\/revisions\/90483"}],"wp:featuredmedia":[{"embeddable":true,"href":"https:\/\/www.radioamigavallenar.cl\/index.php?rest_route=\/wp\/v2\/media\/90482"}],"wp:attachment":[{"href":"https:\/\/www.radioamigavallenar.cl\/index.php?rest_route=%2Fwp%2Fv2%2Fmedia&parent=90481"}],"wp:term":[{"taxonomy":"category","embeddable":true,"href":"https:\/\/www.radioamigavallenar.cl\/index.php?rest_route=%2Fwp%2Fv2%2Fcategories&post=90481"},{"taxonomy":"post_tag","embeddable":true,"href":"https:\/\/www.radioamigavallenar.cl\/index.php?rest_route=%2Fwp%2Fv2%2Ftags&post=90481"}],"curies":[{"name":"wp","href":"https:\/\/api.w.org\/{rel}","templated":true}]}}