{"id":90478,"date":"2025-04-15T00:00:45","date_gmt":"2025-04-15T03:00:45","guid":{"rendered":"https:\/\/www.radioamigavallenar.cl\/?p=90478"},"modified":"2025-04-14T22:28:04","modified_gmt":"2025-04-15T01:28:04","slug":"operativo-mt-0-permitio-incautar-cerca-de-30-mil-dosis-de-droga-en-vallenar","status":"publish","type":"post","link":"https:\/\/www.radioamigavallenar.cl\/?p=90478","title":{"rendered":"Operativo MT-0 permiti\u00f3 incautar cerca de 30 mil dosis de droga en Vallenar"},"content":{"rendered":"<p class=\"\" data-start=\"179\" data-end=\"305\"><strong data-start=\"179\" data-end=\"305\">Una persona fue detenida en el sector Hacienda Ventanas, donde adem\u00e1s se incautaron armas, veh\u00edculos y dinero en efectivo.<\/strong><\/p>\n<p class=\"\" data-start=\"307\" data-end=\"612\">Detectives del Grupo Investigativo Modelo Territorial Cero (MT-0) de la PDI Vallenar, en coordinaci\u00f3n con la Fiscal\u00eda Local, llevaron a cabo un operativo en el sector Hacienda Ventanas que permiti\u00f3 la incautaci\u00f3n de casi tres kilos de sustancias il\u00edcitas y la detenci\u00f3n de un hombre por tr\u00e1fico de drogas.<\/p>\n<p class=\"\" data-start=\"614\" data-end=\"803\">El procedimiento permiti\u00f3 retirar del mercado cerca de 30 mil dosis de droga, seg\u00fan inform\u00f3 el subprefecto Carlos Salinas, jefe de la Brigada de Investigaci\u00f3n Criminal de la PDI Vallenar. \u201cOficiales policiales de nuestro grupo MT-0 realizaron una investigaci\u00f3n en coordinaci\u00f3n con la Fiscal\u00eda Local de Vallenar, que permiti\u00f3 acreditar el delito de tr\u00e1fico il\u00edcito de drogas por parte de una persona con domicilio en el sector Hacienda Ventanas. Se incautaron cerca de tres kilos de coca\u00edna base, adem\u00e1s de ketamina, clorhidrato de coca\u00edna, 100 cartuchos calibre 22, dinero en efectivo, tres veh\u00edculos y elementos para dosificaci\u00f3n de droga\u201d, se\u00f1al\u00f3 el subprefecto.<\/p>\n<p class=\"\" data-start=\"1284\" data-end=\"1393\">El detenido es un hombre chileno de 51 a\u00f1os, con antecedentes por robo en lugar habitado y tr\u00e1fico de drogas. Desde la Fiscal\u00eda, el fiscal adjunto Nicol\u00e1s Mel\u00e9ndez explic\u00f3 que, tras las diligencias desarrolladas por la PDI, se obtuvo autorizaci\u00f3n judicial para ingresar al domicilio del imputado. \u201cSe obtuvo del Juzgado de Garant\u00eda de Vallenar la autorizaci\u00f3n judicial para ingresar al lugar, ocasi\u00f3n en que se encontr\u00f3 enterrado en el patio casi 3 kilos de coca\u00edna base, alrededor de 100 gramos de ketamina y otra cantidad de clorhidrato de coca\u00edna. Tambi\u00e9n se incautaron municiones, dinero y veh\u00edculos adquiridos con dinero de la venta de drogas\u201d, se\u00f1al\u00f3.<\/p>\n<p class=\"\" data-start=\"1948\" data-end=\"2104\">El imputado fue formalizado por tr\u00e1fico il\u00edcito de drogas y posesi\u00f3n de municiones, y qued\u00f3 en prisi\u00f3n preventiva tras la audiencia de control de detenci\u00f3n. La PDI destac\u00f3 que este operativo permiti\u00f3 neutralizar un punto importante de venta de drogas en la provincia del Huasco.<\/p>\n","protected":false},"excerpt":{"rendered":"<p>Una persona fue detenida en el sector Hacienda Ventanas, donde adem\u00e1s se incautaron armas, veh\u00edculos y dinero en efectivo. Detectives del Grupo Investigativo Modelo Territorial&hellip; <\/p>\n","protected":false},"author":6,"featured_media":90479,"comment_status":"closed","ping_status":"closed","sticky":false,"template":"","format":"standard","meta":{"footnotes":""},"categories":[38],"tags":[],"class_list":["post-90478","post","type-post","status-publish","format-standard","has-post-thumbnail","hentry","category-portada-regional"],"_links":{"self":[{"href":"https:\/\/www.radioamigavallenar.cl\/index.php?rest_route=\/wp\/v2\/posts\/90478","targetHints":{"allow":["GET"]}}],"collection":[{"href":"https:\/\/www.radioamigavallenar.cl\/index.php?rest_route=\/wp\/v2\/posts"}],"about":[{"href":"https:\/\/www.radioamigavallenar.cl\/index.php?rest_route=\/wp\/v2\/types\/post"}],"author":[{"embeddable":true,"href":"https:\/\/www.radioamigavallenar.cl\/index.php?rest_route=\/wp\/v2\/users\/6"}],"replies":[{"embeddable":true,"href":"https:\/\/www.radioamigavallenar.cl\/index.php?rest_route=%2Fwp%2Fv2%2Fcomments&post=90478"}],"version-history":[{"count":1,"href":"https:\/\/www.radioamigavallenar.cl\/index.php?rest_route=\/wp\/v2\/posts\/90478\/revisions"}],"predecessor-version":[{"id":90480,"href":"https:\/\/www.radioamigavallenar.cl\/index.php?rest_route=\/wp\/v2\/posts\/90478\/revisions\/90480"}],"wp:featuredmedia":[{"embeddable":true,"href":"https:\/\/www.radioamigavallenar.cl\/index.php?rest_route=\/wp\/v2\/media\/90479"}],"wp:attachment":[{"href":"https:\/\/www.radioamigavallenar.cl\/index.php?rest_route=%2Fwp%2Fv2%2Fmedia&parent=90478"}],"wp:term":[{"taxonomy":"category","embeddable":true,"href":"https:\/\/www.radioamigavallenar.cl\/index.php?rest_route=%2Fwp%2Fv2%2Fcategories&post=90478"},{"taxonomy":"post_tag","embeddable":true,"href":"https:\/\/www.radioamigavallenar.cl\/index.php?rest_route=%2Fwp%2Fv2%2Ftags&post=90478"}],"curies":[{"name":"wp","href":"https:\/\/api.w.org\/{rel}","templated":true}]}}