{"id":90465,"date":"2025-04-14T00:10:21","date_gmt":"2025-04-14T03:10:21","guid":{"rendered":"https:\/\/www.radioamigavallenar.cl\/?p=90465"},"modified":"2025-04-14T00:10:21","modified_gmt":"2025-04-14T03:10:21","slug":"diputados-acusan-que-proyecto-para-declarar-irrenunciable-el-viernes-santo-no-alcanzara-a-votarse","status":"publish","type":"post","link":"https:\/\/www.radioamigavallenar.cl\/?p=90465","title":{"rendered":"Diputados acusan que proyecto para declarar irrenunciable el Viernes Santo no alcanzar\u00e1 a votarse"},"content":{"rendered":"<p class=\"\" data-start=\"169\" data-end=\"370\"><strong data-start=\"169\" data-end=\"370\">La iniciativa impulsada desde el Comit\u00e9 de Trabajo y Previsi\u00f3n Social contaba con respaldo parcial, pero no logr\u00f3 sumar los apoyos necesarios para ser discutida en la C\u00e1mara Baja antes del feriado.<\/strong><\/p>\n<p class=\"\" data-start=\"372\" data-end=\"624\">Pese a que el debate para declarar el Viernes Santo como feriado irrenunciable sum\u00f3 respaldo transversal en el Congreso, diputados oficialistas advirtieron que el proyecto no ser\u00e1 votado antes de la fecha, debido a la falta de urgencia legislativa.<\/p>\n<p class=\"\" data-start=\"626\" data-end=\"903\">La propuesta fue impulsada desde el Comit\u00e9 de Trabajo y Previsi\u00f3n Social, pero no alcanz\u00f3 a ser incorporada en la tabla de la C\u00e1mara de Diputadas y Diputados. Seg\u00fan parlamentarios, la falta de voluntad pol\u00edtica de algunos sectores habr\u00eda trabado el avance de la iniciativa.<\/p>\n<p class=\"\" data-start=\"626\" data-end=\"903\">\u201cNo se trataba de un solo proyecto. Hab\u00eda al menos cuatro propuestas que apuntaban al mismo objetivo, pero ninguno fue impulsado por los sectores que ahora bloquearon la urgencia\u201d, acus\u00f3 el diputado Tom\u00e1s Hirsch (Frente Amplio).<\/p>\n<p class=\"\" data-start=\"1141\" data-end=\"1404\">Por su parte, Roberto Arroyo (Partido Social Cristiano) apunt\u00f3 directamente a parlamentarios de Republicanos, Libertarios y Ev\u00f3poli, asegurando que rechazaron discutir la iniciativa y que el Gobierno tampoco entreg\u00f3 apoyo pol\u00edtico para su tramitaci\u00f3n.<\/p>\n<p class=\"\" data-start=\"1406\" data-end=\"1635\">La propuesta, adem\u00e1s de otorgar el car\u00e1cter de irrenunciable al feriado religioso, pretend\u00eda resguardar un espacio de espiritualidad y reflexi\u00f3n para los trabajadores que profesan alg\u00fan credo, seg\u00fan explicaron sus impulsores.<\/p>\n<p class=\"\" data-start=\"1637\" data-end=\"1871\">En tanto, el diputado Francisco Undurraga (Ev\u00f3poli), miembro del Comit\u00e9 de Trabajo, declar\u00f3 que su partido no respaldar\u00e1 la moci\u00f3n, argumentando que \u201ces un resorte del Ejecutivo y no una iniciativa que deba provenir del Congreso\u201d.<\/p>\n<p class=\"\" data-start=\"1873\" data-end=\"1985\">A pocos d\u00edas del Viernes Santo, la iniciativa parece haber quedado sin viabilidad legislativa en el corto plazo.<\/p>\n","protected":false},"excerpt":{"rendered":"<p>La iniciativa impulsada desde el Comit\u00e9 de Trabajo y Previsi\u00f3n Social contaba con respaldo parcial, pero no logr\u00f3 sumar los apoyos necesarios para ser discutida&hellip; <\/p>\n","protected":false},"author":6,"featured_media":71623,"comment_status":"closed","ping_status":"closed","sticky":false,"template":"","format":"standard","meta":{"footnotes":""},"categories":[37],"tags":[],"class_list":["post-90465","post","type-post","status-publish","format-standard","has-post-thumbnail","hentry","category-nacional"],"_links":{"self":[{"href":"https:\/\/www.radioamigavallenar.cl\/index.php?rest_route=\/wp\/v2\/posts\/90465","targetHints":{"allow":["GET"]}}],"collection":[{"href":"https:\/\/www.radioamigavallenar.cl\/index.php?rest_route=\/wp\/v2\/posts"}],"about":[{"href":"https:\/\/www.radioamigavallenar.cl\/index.php?rest_route=\/wp\/v2\/types\/post"}],"author":[{"embeddable":true,"href":"https:\/\/www.radioamigavallenar.cl\/index.php?rest_route=\/wp\/v2\/users\/6"}],"replies":[{"embeddable":true,"href":"https:\/\/www.radioamigavallenar.cl\/index.php?rest_route=%2Fwp%2Fv2%2Fcomments&post=90465"}],"version-history":[{"count":1,"href":"https:\/\/www.radioamigavallenar.cl\/index.php?rest_route=\/wp\/v2\/posts\/90465\/revisions"}],"predecessor-version":[{"id":90466,"href":"https:\/\/www.radioamigavallenar.cl\/index.php?rest_route=\/wp\/v2\/posts\/90465\/revisions\/90466"}],"wp:featuredmedia":[{"embeddable":true,"href":"https:\/\/www.radioamigavallenar.cl\/index.php?rest_route=\/wp\/v2\/media\/71623"}],"wp:attachment":[{"href":"https:\/\/www.radioamigavallenar.cl\/index.php?rest_route=%2Fwp%2Fv2%2Fmedia&parent=90465"}],"wp:term":[{"taxonomy":"category","embeddable":true,"href":"https:\/\/www.radioamigavallenar.cl\/index.php?rest_route=%2Fwp%2Fv2%2Fcategories&post=90465"},{"taxonomy":"post_tag","embeddable":true,"href":"https:\/\/www.radioamigavallenar.cl\/index.php?rest_route=%2Fwp%2Fv2%2Ftags&post=90465"}],"curies":[{"name":"wp","href":"https:\/\/api.w.org\/{rel}","templated":true}]}}