{"id":90457,"date":"2025-04-14T00:00:19","date_gmt":"2025-04-14T03:00:19","guid":{"rendered":"https:\/\/www.radioamigavallenar.cl\/?p=90457"},"modified":"2025-04-13T23:04:10","modified_gmt":"2025-04-14T02:04:10","slug":"sea-evalua-proyecto-de-prospeccion-minera-el-alto-en-atacama-con-participacion-activa-de-entidades-locales","status":"publish","type":"post","link":"https:\/\/www.radioamigavallenar.cl\/?p=90457","title":{"rendered":"SEA eval\u00faa proyecto de prospecci\u00f3n minera \u00abEl Alto\u00bb en Atacama con participaci\u00f3n activa de entidades locales"},"content":{"rendered":"<p class=\"\" data-start=\"291\" data-end=\"505\"><strong data-start=\"291\" data-end=\"505\">La visita t\u00e9cnica, encabezada por el Servicio de Evaluaci\u00f3n Ambiental y con presencia del alcalde de Alto del Carmen, abord\u00f3 los posibles impactos ambientales del proyecto ubicado en la cordillera de la comuna.<\/strong><\/p>\n<p class=\"\" data-start=\"507\" data-end=\"888\">Con el objetivo de avanzar en el proceso de evaluaci\u00f3n ambiental del proyecto \u00abProspecci\u00f3n Minera El Alto\u00bb, el Servicio de Evaluaci\u00f3n Ambiental (SEA) de la Regi\u00f3n de Atacama realiz\u00f3 una visita t\u00e9cnica al sector cordillerano de la comuna de Alto del Carmen, donde se emplazar\u00e1n las obras asociadas a esta iniciativa minera.<\/p>\n<p class=\"\" data-start=\"890\" data-end=\"1278\">La actividad, enmarcada en la revisi\u00f3n de la Declaraci\u00f3n de Impacto Ambiental (DIA) del proyecto, cont\u00f3 con la participaci\u00f3n de diversos \u00d3rganos de la Administraci\u00f3n del Estado con Competencia Ambiental (Oaeca), entre ellos la Corporaci\u00f3n Nacional Forestal (Conaf) y representantes de la Municipalidad de Alto del Carmen, encabezados por su alcalde, Cristian Olivares. \u201cEsta visita t\u00e9cnica es una oportunidad para que todos los actores involucrados conozcan m\u00e1s sobre el proyecto y puedan expresar sus inquietudes y sugerencias\u201d, se\u00f1al\u00f3 el edil.<\/p>\n<p class=\"\" data-start=\"1472\" data-end=\"1853\">El proyecto contempla la habilitaci\u00f3n de 43 plataformas de sondaje, en una superficie total estimada de 212 hect\u00e1reas, de las cuales 5,04 hect\u00e1reas ser\u00e1n utilizadas directamente para obras. Su objetivo es incrementar la certeza sobre el potencial del recurso met\u00e1lico en la zona, delimitando el yacimiento y sus reservas mediante sondajes mineros exploratorios.<\/p>\n<p class=\"\" data-start=\"1855\" data-end=\"2198\">Durante la visita, los equipos t\u00e9cnicos del SEA y representantes del titular del proyecto entregaron informaci\u00f3n detallada sobre las obras, sus caracter\u00edsticas, y las medidas de mitigaci\u00f3n previstas. Este proceso forma parte de la etapa de evaluaci\u00f3n ambiental y busca garantizar que todas las intervenciones se ajusten a la normativa vigente.<\/p>\n<p class=\"\" data-start=\"2200\" data-end=\"2477\">La participaci\u00f3n activa de autoridades locales, instituciones t\u00e9cnicas y servicios p\u00fablicos apunta a una evaluaci\u00f3n integral y transparente, considerando las condiciones ambientales y sociales del territorio antes de tomar una decisi\u00f3n sobre la aprobaci\u00f3n del proyecto.<\/p>\n","protected":false},"excerpt":{"rendered":"<p>La visita t\u00e9cnica, encabezada por el Servicio de Evaluaci\u00f3n Ambiental y con presencia del alcalde de Alto del Carmen, abord\u00f3 los posibles impactos ambientales del&hellip; <\/p>\n","protected":false},"author":6,"featured_media":89611,"comment_status":"closed","ping_status":"closed","sticky":false,"template":"","format":"standard","meta":{"footnotes":""},"categories":[38],"tags":[],"class_list":["post-90457","post","type-post","status-publish","format-standard","has-post-thumbnail","hentry","category-portada-regional"],"_links":{"self":[{"href":"https:\/\/www.radioamigavallenar.cl\/index.php?rest_route=\/wp\/v2\/posts\/90457","targetHints":{"allow":["GET"]}}],"collection":[{"href":"https:\/\/www.radioamigavallenar.cl\/index.php?rest_route=\/wp\/v2\/posts"}],"about":[{"href":"https:\/\/www.radioamigavallenar.cl\/index.php?rest_route=\/wp\/v2\/types\/post"}],"author":[{"embeddable":true,"href":"https:\/\/www.radioamigavallenar.cl\/index.php?rest_route=\/wp\/v2\/users\/6"}],"replies":[{"embeddable":true,"href":"https:\/\/www.radioamigavallenar.cl\/index.php?rest_route=%2Fwp%2Fv2%2Fcomments&post=90457"}],"version-history":[{"count":1,"href":"https:\/\/www.radioamigavallenar.cl\/index.php?rest_route=\/wp\/v2\/posts\/90457\/revisions"}],"predecessor-version":[{"id":90458,"href":"https:\/\/www.radioamigavallenar.cl\/index.php?rest_route=\/wp\/v2\/posts\/90457\/revisions\/90458"}],"wp:featuredmedia":[{"embeddable":true,"href":"https:\/\/www.radioamigavallenar.cl\/index.php?rest_route=\/wp\/v2\/media\/89611"}],"wp:attachment":[{"href":"https:\/\/www.radioamigavallenar.cl\/index.php?rest_route=%2Fwp%2Fv2%2Fmedia&parent=90457"}],"wp:term":[{"taxonomy":"category","embeddable":true,"href":"https:\/\/www.radioamigavallenar.cl\/index.php?rest_route=%2Fwp%2Fv2%2Fcategories&post=90457"},{"taxonomy":"post_tag","embeddable":true,"href":"https:\/\/www.radioamigavallenar.cl\/index.php?rest_route=%2Fwp%2Fv2%2Ftags&post=90457"}],"curies":[{"name":"wp","href":"https:\/\/api.w.org\/{rel}","templated":true}]}}