{"id":90450,"date":"2025-04-14T00:12:15","date_gmt":"2025-04-14T03:12:15","guid":{"rendered":"https:\/\/www.radioamigavallenar.cl\/?p=90450"},"modified":"2025-04-14T00:11:43","modified_gmt":"2025-04-14T03:11:43","slug":"municipalidad-de-copiapo-retira-mas-de-100-jeringas-abandonadas-en-la-via-publica-y-anuncia-acciones-legales","status":"publish","type":"post","link":"https:\/\/www.radioamigavallenar.cl\/?p=90450","title":{"rendered":"Municipalidad de Copiap\u00f3 retira m\u00e1s de 100 jeringas abandonadas en la v\u00eda p\u00fablica y anuncia acciones legales"},"content":{"rendered":"<p class=\"\" data-start=\"256\" data-end=\"461\"><strong data-start=\"256\" data-end=\"461\">El hallazgo se produjo en la Poblaci\u00f3n Balmaceda y fue denunciado por vecinos. El municipio present\u00f3 una denuncia ante el Ministerio P\u00fablico y la Seremi de Salud advirti\u00f3 del riesgo sanitario asociado.<\/strong><\/p>\n<p class=\"\" data-start=\"463\" data-end=\"724\">La Ilustre Municipalidad de Copiap\u00f3, a trav\u00e9s de su Direcci\u00f3n de Salud Municipal (DSM), realiz\u00f3 este jueves el retiro de cerca de 100 jeringas abandonadas en la v\u00eda p\u00fablica, espec\u00edficamente en la Poblaci\u00f3n Balmaceda, tras una denuncia ciudadana.<\/p>\n<p class=\"\" data-start=\"726\" data-end=\"991\">Personal del Cesfam Bernardo Mellibovsky, junto con equipos del programa REAS, acudi\u00f3 al lugar para proceder con el retiro de estos residuos cl\u00ednicos, que correspond\u00edan a jeringas utilizadas habitualmente en tratamientos de insulina de uso domiciliario \u201cEquipos del Cesfam Bernardo Mellibovsky con sus equipos REAS se acercaron al lugar para hacer la recolecci\u00f3n de insumos que correspond\u00edan a jeringas para uso de tratamiento con insulina que normalmente se aplica en uso domiciliario\u201d, explic\u00f3 el subdirector T\u00e9cnico de Salud Municipal, Alejandro Aguirre.<\/p>\n<p class=\"\" data-start=\"1309\" data-end=\"1544\">Junto con la recolecci\u00f3n del material peligroso, el municipio inform\u00f3 que se present\u00f3 una denuncia ante el Ministerio P\u00fablico para que se investigue la responsabilidad en la disposici\u00f3n inadecuada de este tipo de residuos cl\u00ednicos.<\/p>\n<p class=\"\" data-start=\"1309\" data-end=\"1544\">\u201cEn paralelo a la acci\u00f3n de Salud Municipal, como Asesor\u00eda Jur\u00eddica presentamos una denuncia al Ministerio P\u00fablico contra quienes resulten responsables de esta situaci\u00f3n, que afecta directamente a la Salud P\u00fablica de nuestra comunidad. Tambi\u00e9n informamos de ello a la SEREMI de Salud de Atacama para que tomara las acciones pertinentes\u201d, se\u00f1al\u00f3 Luis Gonz\u00e1lez, director jur\u00eddico del municipio.<\/p>\n<p class=\"\" data-start=\"1950\" data-end=\"2086\">La Seremi de Salud de Atacama, J\u00e9ssica Rojas Gahona, confirm\u00f3 la activaci\u00f3n del protocolo sanitario y recalc\u00f3 la gravedad del hecho \u201cComo Autoridad Sanitaria, nuestra prioridad es resguardar la salud de las personas. Al tomar conocimiento de la situaci\u00f3n, establecimos contacto inmediato con el municipio, solicitando las gestiones necesarias para asegurar el retiro seguro de los residuos cl\u00ednicos abandonados en la v\u00eda p\u00fablica, dada la peligrosidad que implica este tipo de hallazgos\u201d, se\u00f1al\u00f3.<\/p>\n<p class=\"\" data-start=\"2459\" data-end=\"2736\">La Seremi agreg\u00f3 que este tipo de situaciones constituye un riesgo sanitario y ambiental grave, y record\u00f3 la obligaci\u00f3n de cumplir con lo establecido en el Decreto Supremo N\u00b0 6\/2009 del Minsal, que regula la gesti\u00f3n de residuos de establecimientos de atenci\u00f3n de salud.<\/p>\n<p class=\"\" data-start=\"2459\" data-end=\"2736\">\u201cLamentamos profundamente que hechos como estos se repitan en la comuna. Reiteramos que los establecimientos de salud y las empresas tienen la responsabilidad legal y \u00e9tica de garantizar la correcta disposici\u00f3n de estos residuos, ya que su manejo inadecuado en espacios p\u00fablicos representa un grave riesgo sanitario para la comunidad y un da\u00f1o directo al medioambiente\u201d, concluy\u00f3 Rojas.<\/p>\n<p class=\"\" data-start=\"3132\" data-end=\"3281\">El municipio hizo un llamado a la comunidad a denunciar este tipo de hechos y reiter\u00f3 su compromiso con la salud p\u00fablica y la protecci\u00f3n del entorno.<\/p>\n","protected":false},"excerpt":{"rendered":"<p>El hallazgo se produjo en la Poblaci\u00f3n Balmaceda y fue denunciado por vecinos. El municipio present\u00f3 una denuncia ante el Ministerio P\u00fablico y la Seremi&hellip; <\/p>\n","protected":false},"author":6,"featured_media":90451,"comment_status":"closed","ping_status":"closed","sticky":false,"template":"","format":"standard","meta":{"footnotes":""},"categories":[7],"tags":[],"class_list":["post-90450","post","type-post","status-publish","format-standard","has-post-thumbnail","hentry","category-atacama"],"_links":{"self":[{"href":"https:\/\/www.radioamigavallenar.cl\/index.php?rest_route=\/wp\/v2\/posts\/90450","targetHints":{"allow":["GET"]}}],"collection":[{"href":"https:\/\/www.radioamigavallenar.cl\/index.php?rest_route=\/wp\/v2\/posts"}],"about":[{"href":"https:\/\/www.radioamigavallenar.cl\/index.php?rest_route=\/wp\/v2\/types\/post"}],"author":[{"embeddable":true,"href":"https:\/\/www.radioamigavallenar.cl\/index.php?rest_route=\/wp\/v2\/users\/6"}],"replies":[{"embeddable":true,"href":"https:\/\/www.radioamigavallenar.cl\/index.php?rest_route=%2Fwp%2Fv2%2Fcomments&post=90450"}],"version-history":[{"count":1,"href":"https:\/\/www.radioamigavallenar.cl\/index.php?rest_route=\/wp\/v2\/posts\/90450\/revisions"}],"predecessor-version":[{"id":90452,"href":"https:\/\/www.radioamigavallenar.cl\/index.php?rest_route=\/wp\/v2\/posts\/90450\/revisions\/90452"}],"wp:featuredmedia":[{"embeddable":true,"href":"https:\/\/www.radioamigavallenar.cl\/index.php?rest_route=\/wp\/v2\/media\/90451"}],"wp:attachment":[{"href":"https:\/\/www.radioamigavallenar.cl\/index.php?rest_route=%2Fwp%2Fv2%2Fmedia&parent=90450"}],"wp:term":[{"taxonomy":"category","embeddable":true,"href":"https:\/\/www.radioamigavallenar.cl\/index.php?rest_route=%2Fwp%2Fv2%2Fcategories&post=90450"},{"taxonomy":"post_tag","embeddable":true,"href":"https:\/\/www.radioamigavallenar.cl\/index.php?rest_route=%2Fwp%2Fv2%2Ftags&post=90450"}],"curies":[{"name":"wp","href":"https:\/\/api.w.org\/{rel}","templated":true}]}}