{"id":90443,"date":"2025-04-14T00:00:49","date_gmt":"2025-04-14T03:00:49","guid":{"rendered":"https:\/\/www.radioamigavallenar.cl\/?p=90443"},"modified":"2025-04-13T22:27:47","modified_gmt":"2025-04-14T01:27:47","slug":"seremi-de-salud-refuerza-llamado-a-detectar-y-prevenir-la-enfermedad-de-chagas-en-atacama","status":"publish","type":"post","link":"https:\/\/www.radioamigavallenar.cl\/?p=90443","title":{"rendered":"SEREMI de Salud refuerza llamado a detectar y prevenir la Enfermedad de Chagas en Atacama"},"content":{"rendered":"<p class=\"\" data-start=\"273\" data-end=\"486\"><strong data-start=\"273\" data-end=\"486\">En el D\u00eda Mundial contra esta enfermedad parasitaria, la autoridad sanitaria regional destac\u00f3 la importancia del diagn\u00f3stico oportuno, especialmente en mujeres embarazadas, para evitar la transmisi\u00f3n vertical.<\/strong><\/p>\n<p class=\"\" data-start=\"488\" data-end=\"838\">En el marco del D\u00eda Mundial contra la Enfermedad de Chagas, conmemorado cada 14 de abril por la Organizaci\u00f3n Mundial de la Salud (OMS), la SEREMI de Salud de Atacama reforz\u00f3 su llamado a la detecci\u00f3n, diagn\u00f3stico y prevenci\u00f3n de esta enfermedad, que contin\u00faa representando un desaf\u00edo sanitario importante para la regi\u00f3n y el pa\u00eds.<\/p>\n<p class=\"\" data-start=\"840\" data-end=\"1317\">La Enfermedad de Chagas es causada por el par\u00e1sito <em data-start=\"895\" data-end=\"914\">Trypanosoma cruzi<\/em> y, aunque Chile logr\u00f3 interrumpir la transmisi\u00f3n vectorial domiciliaria en 1999, la transmisi\u00f3n vertical (de madre a hijo) sigue siendo la principal v\u00eda de nuevos casos. En la actualidad, se estima que en el pa\u00eds viven alrededor de 120 mil personas con Chagas, y que al menos el 10% son mujeres en edad f\u00e9rtil, lo que convierte al tamizaje en controles prenatales en una medida fundamental.<\/p>\n<p class=\"\" data-start=\"840\" data-end=\"1317\">\u201cNuestro desaf\u00edo es detener la transmisi\u00f3n de madre a hijo. Por eso, como SEREMI de Salud, hemos focalizado las acciones de pesquisa, seguimiento y tratamiento, especialmente en embarazadas y grupos de riesgo. La detecci\u00f3n oportuna permite tratar la enfermedad en etapas precoces y cortar la cadena de transmisi\u00f3n\u201d, afirm\u00f3 la Seremi de Salud de Atacama, J\u00e9ssica Rojas Gahona.<\/p>\n<p class=\"\" data-start=\"1706\" data-end=\"2111\">Seg\u00fan la Encuesta Nacional de Salud 2016-2017, la prevalencia nacional estimada fue de 1,2%, ubicando al Chagas por sobre otras enfermedades transmisibles en Chile. En t\u00e9rminos regionales, Atacama concentr\u00f3 el 21,3% de las notificaciones nacionales en 2019, de acuerdo con el Informe de Vigilancia Epidemiol\u00f3gica 2021, lo que la posiciona entre las regiones con mayor carga de esta enfermedad.<\/p>\n<p class=\"\" data-start=\"2113\" data-end=\"2354\">El impacto de esta afecci\u00f3n en Am\u00e9rica Latina tambi\u00e9n es significativo: se pierden anualmente m\u00e1s de 770.000 a\u00f1os de vida saludable (AVAD) y el costo estimado para los sistemas de salud supera los 500 millones de d\u00f3lares anuales.<\/p>\n<p class=\"\" data-start=\"2113\" data-end=\"2354\">A pesar de la disminuci\u00f3n de notificaciones durante los a\u00f1os de pandemia, la regi\u00f3n ha mantenido un trabajo continuo en vigilancia, atenci\u00f3n y seguimiento de los casos detectados, con \u00e9nfasis en asegurar el acceso gratuito al tratamiento en los sistemas p\u00fablico y privado.<\/p>\n<p class=\"\" data-start=\"2676\" data-end=\"3154\">Como parte de las actividades de sensibilizaci\u00f3n, la SEREMI de Salud y el Servicio de Salud de Atacama convocan a la comunidad a una charla educativa este martes 15 de abril, a las 10:00 horas en el Obispado de Copiap\u00f3 (Chacabuco 441). La actividad abordar\u00e1 aspectos clave sobre las formas de transmisi\u00f3n, diagn\u00f3stico oportuno y tratamiento de la Enfermedad de Chagas, en un esfuerzo por promover el autocuidado y el conocimiento de esta afecci\u00f3n silenciosa.<\/p>\n<p class=\"\" data-start=\"2676\" data-end=\"3154\">\u201cHacemos un llamado a participar de esta importante iniciativa, que busca empoderar a la poblaci\u00f3n con informaci\u00f3n clara y \u00fatil para prevenir nuevos casos. La prevenci\u00f3n comienza con el conocimiento y el acceso a la salud\u201d, concluy\u00f3 la Seremi J\u00e9ssica Rojas.<\/p>\n<p class=\"\" data-start=\"3421\" data-end=\"3633\">La autoridad sanitaria reiter\u00f3 que el diagn\u00f3stico es gratuito en todos los servicios de salud y que el tratamiento precoz puede marcar una diferencia significativa en la calidad de vida de las personas afectadas.<\/p>\n","protected":false},"excerpt":{"rendered":"<p>En el D\u00eda Mundial contra esta enfermedad parasitaria, la autoridad sanitaria regional destac\u00f3 la importancia del diagn\u00f3stico oportuno, especialmente en mujeres embarazadas, para evitar la&hellip; <\/p>\n","protected":false},"author":6,"featured_media":90444,"comment_status":"closed","ping_status":"closed","sticky":false,"template":"","format":"standard","meta":{"footnotes":""},"categories":[7],"tags":[],"class_list":["post-90443","post","type-post","status-publish","format-standard","has-post-thumbnail","hentry","category-atacama"],"_links":{"self":[{"href":"https:\/\/www.radioamigavallenar.cl\/index.php?rest_route=\/wp\/v2\/posts\/90443","targetHints":{"allow":["GET"]}}],"collection":[{"href":"https:\/\/www.radioamigavallenar.cl\/index.php?rest_route=\/wp\/v2\/posts"}],"about":[{"href":"https:\/\/www.radioamigavallenar.cl\/index.php?rest_route=\/wp\/v2\/types\/post"}],"author":[{"embeddable":true,"href":"https:\/\/www.radioamigavallenar.cl\/index.php?rest_route=\/wp\/v2\/users\/6"}],"replies":[{"embeddable":true,"href":"https:\/\/www.radioamigavallenar.cl\/index.php?rest_route=%2Fwp%2Fv2%2Fcomments&post=90443"}],"version-history":[{"count":1,"href":"https:\/\/www.radioamigavallenar.cl\/index.php?rest_route=\/wp\/v2\/posts\/90443\/revisions"}],"predecessor-version":[{"id":90445,"href":"https:\/\/www.radioamigavallenar.cl\/index.php?rest_route=\/wp\/v2\/posts\/90443\/revisions\/90445"}],"wp:featuredmedia":[{"embeddable":true,"href":"https:\/\/www.radioamigavallenar.cl\/index.php?rest_route=\/wp\/v2\/media\/90444"}],"wp:attachment":[{"href":"https:\/\/www.radioamigavallenar.cl\/index.php?rest_route=%2Fwp%2Fv2%2Fmedia&parent=90443"}],"wp:term":[{"taxonomy":"category","embeddable":true,"href":"https:\/\/www.radioamigavallenar.cl\/index.php?rest_route=%2Fwp%2Fv2%2Fcategories&post=90443"},{"taxonomy":"post_tag","embeddable":true,"href":"https:\/\/www.radioamigavallenar.cl\/index.php?rest_route=%2Fwp%2Fv2%2Ftags&post=90443"}],"curies":[{"name":"wp","href":"https:\/\/api.w.org\/{rel}","templated":true}]}}