{"id":90261,"date":"2025-04-07T11:56:13","date_gmt":"2025-04-07T14:56:13","guid":{"rendered":"https:\/\/www.radioamigavallenar.cl\/?p=90261"},"modified":"2025-04-07T11:56:13","modified_gmt":"2025-04-07T14:56:13","slug":"25-emprendedores-de-freirina-reciben-certificacion-del-programa-de-apoyo-al-emprendimiento-empresarial","status":"publish","type":"post","link":"https:\/\/www.radioamigavallenar.cl\/?p=90261","title":{"rendered":"25 emprendedores de Freirina reciben certificaci\u00f3n del Programa de Apoyo al Emprendimiento Empresarial"},"content":{"rendered":"<p class=\"\" data-start=\"0\" data-end=\"265\"><strong data-start=\"109\" data-end=\"265\">Iniciativa financiada por el Gobierno Regional de Atacama y ejecutada por Sercotec busca reactivar negocios y fortalecer el crecimiento de pymes locales<\/strong><\/p>\n<p class=\"\" data-start=\"267\" data-end=\"669\">En una ceremonia realizada este jueves, 25 micros y peque\u00f1as empresas de Freirina recibieron su certificaci\u00f3n como beneficiarias del Programa de Apoyo al Emprendimiento Empresarial FNDR, financiado por el Gobierno Regional de Atacama y ejecutado por Sercotec. Esta iniciativa tiene como objetivo reactivar negocios, fomentar la formalizaci\u00f3n y fortalecer el tejido productivo local.<\/p>\n<p class=\"\" data-start=\"671\" data-end=\"1002\">El programa contempla una inversi\u00f3n total de $458 millones y una ejecuci\u00f3n a 36 meses, de los cuales ya se han desembolsado m\u00e1s de $152 millones en una primera etapa. En total, se espera beneficiar a 75 unidades productivas, incluyendo 40 empresas y al menos 3 gremios u organizaciones productivas de la regi\u00f3n.<\/p>\n<p class=\"\" data-start=\"1004\" data-end=\"1474\">Durante la ceremonia, la seremi de Econom\u00eda, Fomento y Turismo, Makarena Arias, destac\u00f3 el impacto del programa en la comunidad. \u201cValoramos profundamente este encuentro en Freirina, donde certificamos no solo el cumplimiento de un proyecto, sino el esfuerzo, la dedicaci\u00f3n y la pasi\u00f3n por hacer crecer sus negocios. Cada emprendimiento que se consolida contribuye a la generaci\u00f3n de empleo, al dinamismo local y a una regi\u00f3n m\u00e1s pr\u00f3spera y sostenible\u201d, afirm\u00f3.<\/p>\n<p class=\"\" data-start=\"1476\" data-end=\"1559\">En esta etapa se entregaron certificados correspondientes a tres l\u00edneas de apoyo:<\/p>\n<ul data-start=\"1560\" data-end=\"2083\">\n<li class=\"\" data-start=\"1560\" data-end=\"1694\">\n<p class=\"\" data-start=\"1562\" data-end=\"1694\">Crece Multisectorial: Subsidio no reembolsable de $5.000.000 para financiar inversiones y acciones de gesti\u00f3n empresarial.<\/p>\n<\/li>\n<li class=\"\" data-start=\"1695\" data-end=\"1873\">\n<p class=\"\" data-start=\"1697\" data-end=\"1873\">Capital Semilla Emprende: Fondo de $3.500.000, dirigido a emprendedores mayores de edad de Freirina, sin inicio de actividades ante el Servicio de Impuestos Internos.<\/p>\n<\/li>\n<li class=\"\" data-start=\"1874\" data-end=\"2083\">\n<p class=\"\" data-start=\"1876\" data-end=\"2083\">Capital Abeja Emprende: Subsidio de $3.500.000 exclusivo para mujeres, destinado a concretar ideas de negocio o avanzar en su formalizaci\u00f3n. En esta ocasi\u00f3n, 10 emprendedoras fueron beneficiadas.<\/p>\n<\/li>\n<\/ul>\n<p class=\"\" data-start=\"2085\" data-end=\"2434\">La directora regional de Sercotec, Natalia Bravo Bassi, valor\u00f3 el compromiso del ecosistema emprendedor local. \u201cCon estos fondos buscamos que m\u00e1s personas puedan dar el paso hacia la formalizaci\u00f3n, la consolidaci\u00f3n de sus negocios y la mejora de su competitividad. Este programa responde a las necesidades reales de los territorios\u201d, indic\u00f3.<\/p>\n<p class=\"\" data-start=\"2436\" data-end=\"2673\">La actividad reflej\u00f3 el compromiso de las instituciones p\u00fablicas con el desarrollo econ\u00f3mico descentralizado, reconociendo en el emprendimiento una herramienta clave para la reactivaci\u00f3n y sostenibilidad de las econom\u00edas locales.<\/p>\n","protected":false},"excerpt":{"rendered":"<p>Iniciativa financiada por el Gobierno Regional de Atacama y ejecutada por Sercotec busca reactivar negocios y fortalecer el crecimiento de pymes locales En una ceremonia&hellip; <\/p>\n","protected":false},"author":6,"featured_media":90262,"comment_status":"closed","ping_status":"closed","sticky":false,"template":"","format":"standard","meta":{"footnotes":""},"categories":[7],"tags":[],"class_list":["post-90261","post","type-post","status-publish","format-standard","has-post-thumbnail","hentry","category-atacama"],"_links":{"self":[{"href":"https:\/\/www.radioamigavallenar.cl\/index.php?rest_route=\/wp\/v2\/posts\/90261","targetHints":{"allow":["GET"]}}],"collection":[{"href":"https:\/\/www.radioamigavallenar.cl\/index.php?rest_route=\/wp\/v2\/posts"}],"about":[{"href":"https:\/\/www.radioamigavallenar.cl\/index.php?rest_route=\/wp\/v2\/types\/post"}],"author":[{"embeddable":true,"href":"https:\/\/www.radioamigavallenar.cl\/index.php?rest_route=\/wp\/v2\/users\/6"}],"replies":[{"embeddable":true,"href":"https:\/\/www.radioamigavallenar.cl\/index.php?rest_route=%2Fwp%2Fv2%2Fcomments&post=90261"}],"version-history":[{"count":1,"href":"https:\/\/www.radioamigavallenar.cl\/index.php?rest_route=\/wp\/v2\/posts\/90261\/revisions"}],"predecessor-version":[{"id":90263,"href":"https:\/\/www.radioamigavallenar.cl\/index.php?rest_route=\/wp\/v2\/posts\/90261\/revisions\/90263"}],"wp:featuredmedia":[{"embeddable":true,"href":"https:\/\/www.radioamigavallenar.cl\/index.php?rest_route=\/wp\/v2\/media\/90262"}],"wp:attachment":[{"href":"https:\/\/www.radioamigavallenar.cl\/index.php?rest_route=%2Fwp%2Fv2%2Fmedia&parent=90261"}],"wp:term":[{"taxonomy":"category","embeddable":true,"href":"https:\/\/www.radioamigavallenar.cl\/index.php?rest_route=%2Fwp%2Fv2%2Fcategories&post=90261"},{"taxonomy":"post_tag","embeddable":true,"href":"https:\/\/www.radioamigavallenar.cl\/index.php?rest_route=%2Fwp%2Fv2%2Ftags&post=90261"}],"curies":[{"name":"wp","href":"https:\/\/api.w.org\/{rel}","templated":true}]}}