{"id":9024,"date":"2018-03-26T18:22:57","date_gmt":"2018-03-26T21:22:57","guid":{"rendered":"http:\/\/www.radioamigavallenar.cl\/?p=9024"},"modified":"2018-03-26T18:22:57","modified_gmt":"2018-03-26T21:22:57","slug":"diputado-mulet-pedira-que-fiscalia-nacional-economica-no-vise-la-venta-del-cdf-a-turner","status":"publish","type":"post","link":"https:\/\/www.radioamigavallenar.cl\/?p=9024","title":{"rendered":"Diputado Mulet pedir\u00e1 que Fiscal\u00eda Nacional Econ\u00f3mica no vise la venta del CDF a Turner"},"content":{"rendered":"<p style=\"text-align: justify;\"><a href=\"http:\/\/www.radioamigavallenar.cl\/wp-content\/uploads\/2017\/11\/foto-deportes-vallenar-malleco.jpg\"><img loading=\"lazy\" decoding=\"async\" class=\" size-medium wp-image-7667 aligncenter\" src=\"http:\/\/www.radioamigavallenar.cl\/wp-content\/uploads\/2017\/11\/foto-deportes-vallenar-malleco-300x178.jpg\" alt=\"foto deportes vallenar malleco\" width=\"300\" height=\"178\" srcset=\"https:\/\/www.radioamigavallenar.cl\/wp-content\/uploads\/2017\/11\/foto-deportes-vallenar-malleco-300x178.jpg 300w, https:\/\/www.radioamigavallenar.cl\/wp-content\/uploads\/2017\/11\/foto-deportes-vallenar-malleco.jpg 700w\" sizes=\"auto, (max-width: 300px) 100vw, 300px\" \/><\/a><\/p>\n<p style=\"text-align: justify;\"><span style=\"font-weight: 400;\">El 22 de diciembre de 2017, y por votaci\u00f3n un\u00e1nime el Consejo de Presidentes de Clubes aprob\u00f3 la venta del Canal del F\u00fatbol a Turner Broadcasting System, contrato que se extiende por 15 a\u00f1os a cambio de 1.900 millones de d\u00f3lares y 3,2 millones de la divisa norteamericana que se entregar\u00e1 en una cuota a cada uno de los 32 clubes que militan en la Primera Divisi\u00f3n y Primera B. El proceso pas\u00f3 a manos de la Fiscal\u00eda Nacional Econ\u00f3mica que debe analizar y evaluar todos los antecedentes de la licitaci\u00f3n, negociaci\u00f3n y aprobaci\u00f3n del acuerdo con el grupo TBS.<\/span><\/p>\n<p style=\"text-align: justify;\"><span style=\"font-weight: 400;\">Eso hasta ayer. Ya que todo podr\u00eda tener un vuelco y asestar un duro golpe para la Asociaci\u00f3n Nacional de F\u00fatbol Profesional luego del anuncio realizado por el diputado por Atacama, Jaime Mulet, quien pedir\u00e1 que la Fiscal\u00eda Nacional Econ\u00f3mica intervenga la venta del CDF y la entrega de los 3,2 millones de d\u00f3lares que se acord\u00f3 desembolsar para los 32 asociados.<\/span><\/p>\n<p style=\"text-align: justify;\"><span style=\"font-weight: 400;\">\u00abEstamos preparando hacer una presentaci\u00f3n ante la Fiscal\u00eda Nacional Econ\u00f3mica a ra\u00edz del proceso de negociaci\u00f3n del Canal del F\u00fatbol. Eso espero tenerlo listo en los pr\u00f3ximos d\u00edas. Estoy analizando de qu\u00e9 manera puedo meterme en esa tema. La venta del CDF est\u00e1 en plena etapa de revisi\u00f3n, y la opini\u00f3n nuestra junto a los abogados que me est\u00e1n asesorando, es que dada la mala situaci\u00f3n de la ANFP se debe hacer una nueva licitaci\u00f3n ya que creemos que como lo dijo en su momento la gente de FOX, nos habr\u00eda gustado un proceso mucho m\u00e1s transparente y con otros actores tambi\u00e9n\u00bb. dijo el parlamentario de la Federaci\u00f3n Regionalista Verde Social, y que a la vez, es miembro de la Comisi\u00f3n Deportes de la C\u00e1mara Baja.<\/span><\/p>\n<p style=\"text-align: justify;\"><span style=\"font-weight: 400;\">Para Mulet, la negociaci\u00f3n no cumpli\u00f3 con la transparencia ni benefici\u00f3 a todos los equipos que son parte de la ANFP. \u00abCreemos que este contrato que entrega por 15 a\u00f1os la televisaci\u00f3n del f\u00fatbol a una cadena debe ser mucho m\u00e1s abierto, y esto implica incorporar a la Segunda Divisi\u00f3n Profesional. Mi planteamiento es que tambi\u00e9n deben llegar recursos de esa negociaci\u00f3n a los clubes que est\u00e1n en esa serie, ya que pertenecen a la ANFP y no solo repartir los dineros entre los 32 de la Primera Divisi\u00f3n y Primera B\u00bb.<\/span><\/p>\n<p style=\"text-align: justify;\"><span style=\"font-weight: 400;\">Sin embargo, no solo el proceso est\u00e1 viciado para el diputado, si no que tambi\u00e9n el directorio que comanda Arturo Salah no ha cumplido con el reordenamiento anunciado al llegar al mando. \u00abEsto es una verdadera mafia. Y cuando se dijo que se iba a limpiar y a investigar lo que pas\u00f3 en la ANFP, nos damos cuenta que no se hizo nada de nada tras la salida de Sergio Jadue, incluso en el directorio actual que preside Salah hay gente que estuvo antes\u00bb.<\/span><\/p>\n<p style=\"text-align: justify;\"><span style=\"font-weight: 400;\">Insisti\u00f3 que est\u00e1 decidido a paralizar el contrato suscrito entre la ANFP y Turner, ya que a su juicio, se puede negociar de mejor manera y con mayores beneficios. \u00abSi me dicen que los clubes van a dejar de percibir 3,2 millones de d\u00f3lares porque yo llevo a la ANFP a la Fiscal\u00eda Nacional Econ\u00f3mica y que con eso se suspende el contrato con Turner, bueno, lo hago. Porque deber\u00edan recibir 5. No es que no quiera que reciban, si no que exijo transparencia\u00bb.<\/span><\/p>\n<p style=\"text-align: justify;\"><span style=\"font-weight: 400;\">A pesar de que el proceso de venta del Canal del F\u00fatbol no le parece correcto, para el diputado la aprobaci\u00f3n por parte del consejo de presidentes fue lo m\u00e1s l\u00f3gico. \u00ab\u00bfQu\u00e9 club se va a oponer a que le digan que va a recibir 3 millones de d\u00f3lares? Esta cosa se maneja de la misma manera que lo hizo Jadue, con incentivos y acuerdos. Por eso es que esto debe limpiarse, el pa\u00eds futbol\u00edstico merece mayor transparencia. La ANFP es una Corporaci\u00f3n sin fines de lucro, y maneja millones de d\u00f3lares. No voy a demonizar el lucro en el f\u00fatbol, est\u00e1 bien pero con transparencia. Pero hay conductas antideportivas que no solo est\u00e1n vinculadas con la plata, al final los partidos no se ganan en la cancha. Todo esto fue lo que me motiv\u00f3 a preparar una presentaci\u00f3n ante la Fiscal\u00eda Nacional Econ\u00f3mica, y si es posible, paralizar el contrato firmado con Turner\u00bb.<\/span><\/p>\n<p style=\"text-align: justify;\"><span style=\"font-weight: 400;\">Pero no es todo. Como ya lo hab\u00eda adelantado en la primera sesi\u00f3n en el Congreso, tambi\u00e9n busca que se aclare qu\u00e9 sucedi\u00f3 con el frustrado ascenso de Deportes Vallenar a Primera B, luego del grave error arbitral de Eduardo Gamboa y la decisi\u00f3n de la ANFP de repetir los lanzamientos penales y que determin\u00f3 la promoci\u00f3n de Melipilla. \u00abDeportes Vallenar es una sociedad an\u00f3nima cerrada, que tiene due\u00f1o. Pero todos los que fuimos como p\u00fablico a sus partidos vimos c\u00f3mo sucedi\u00f3 todo. Vimos c\u00f3mo fue creciendo, c\u00f3mo gan\u00f3, c\u00f3mo fue campe\u00f3n y se gan\u00f3 en cancha el derecho a ascender. Por eso es que me pregunt\u00e9 qu\u00e9 puedo hacer yo desde lo p\u00fablico, como diputado electo y ahora en ejercicio. Y aclaro que la ANFP no solo tiene problemas con Vallenar, ya que tiene una sumatoria de hechos irregulares y antideportivos. Aqu\u00ed hubo una situaci\u00f3n dirigida para que cierto club pasara a la Primera B y no Deportes Vallenar. Esto claramente fue as\u00ed. Si uno revisa, siete fechas antes del final comenz\u00f3 todo para evitar que subiera. \u00a0Esa serie de situaciones son las que me llevaron a meterme en este tema\u00bb. <\/span><\/p>\n<p style=\"text-align: justify;\"><span style=\"font-weight: 400;\">Agreg\u00f3 el parlamentario de la FRVS que \u00abla ANFP es una organismo muy poco transparente. No s\u00e9 si se siente presionada o no. Y si es as\u00ed no deber\u00eda si es que ha hecho las cosas bien. Lo que a mi juicio es que ellos actuaron de una manera absolutamente antideportiva. Aqu\u00ed se defini\u00f3 un partido m\u00e1s all\u00e1 del pitazo final del \u00e1rbitro\u00bb.<\/span><\/p>\n<p style=\"text-align: justify;\"><span style=\"font-weight: 400;\">Por \u00faltimo, adelant\u00f3 que se solicitar\u00e1 la presencia de Salah ante la comisi\u00f3n que investigar\u00e1 los procedimientos de la ANFP- \u00abUna vez que constituyamos la comisi\u00f3n, vamos a invitar al presidente de la asociaci\u00f3n. No podemos citarlo ya que la ANFP no es un organismo p\u00fablico, y le insisto, lo vamos a hacer porque este tema va m\u00e1s all\u00e1 de lo que le pas\u00f3 a Deportes Vallenar\u00bb.<\/span><\/p>\n<p>&nbsp;<\/p>\n","protected":false},"excerpt":{"rendered":"<p>El 22 de diciembre de 2017, y por votaci\u00f3n un\u00e1nime el Consejo de Presidentes de Clubes aprob\u00f3 la venta del Canal del F\u00fatbol a Turner&hellip; <\/p>\n","protected":false},"author":2,"featured_media":6742,"comment_status":"open","ping_status":"closed","sticky":false,"template":"","format":"standard","meta":{"footnotes":""},"categories":[8],"tags":[],"class_list":["post-9024","post","type-post","status-publish","format-standard","has-post-thumbnail","hentry","category-deportes"],"_links":{"self":[{"href":"https:\/\/www.radioamigavallenar.cl\/index.php?rest_route=\/wp\/v2\/posts\/9024","targetHints":{"allow":["GET"]}}],"collection":[{"href":"https:\/\/www.radioamigavallenar.cl\/index.php?rest_route=\/wp\/v2\/posts"}],"about":[{"href":"https:\/\/www.radioamigavallenar.cl\/index.php?rest_route=\/wp\/v2\/types\/post"}],"author":[{"embeddable":true,"href":"https:\/\/www.radioamigavallenar.cl\/index.php?rest_route=\/wp\/v2\/users\/2"}],"replies":[{"embeddable":true,"href":"https:\/\/www.radioamigavallenar.cl\/index.php?rest_route=%2Fwp%2Fv2%2Fcomments&post=9024"}],"version-history":[{"count":0,"href":"https:\/\/www.radioamigavallenar.cl\/index.php?rest_route=\/wp\/v2\/posts\/9024\/revisions"}],"wp:featuredmedia":[{"embeddable":true,"href":"https:\/\/www.radioamigavallenar.cl\/index.php?rest_route=\/wp\/v2\/media\/6742"}],"wp:attachment":[{"href":"https:\/\/www.radioamigavallenar.cl\/index.php?rest_route=%2Fwp%2Fv2%2Fmedia&parent=9024"}],"wp:term":[{"taxonomy":"category","embeddable":true,"href":"https:\/\/www.radioamigavallenar.cl\/index.php?rest_route=%2Fwp%2Fv2%2Fcategories&post=9024"},{"taxonomy":"post_tag","embeddable":true,"href":"https:\/\/www.radioamigavallenar.cl\/index.php?rest_route=%2Fwp%2Fv2%2Ftags&post=9024"}],"curies":[{"name":"wp","href":"https:\/\/api.w.org\/{rel}","templated":true}]}}