{"id":9016,"date":"2018-03-26T10:05:15","date_gmt":"2018-03-26T13:05:15","guid":{"rendered":"http:\/\/www.radioamigavallenar.cl\/?p=9016"},"modified":"2018-03-26T12:54:02","modified_gmt":"2018-03-26T15:54:02","slug":"basquebolistas-vallenarinas-seran-las-representantes-de-atacama-en-los-judejut-de-bolivia","status":"publish","type":"post","link":"https:\/\/www.radioamigavallenar.cl\/?p=9016","title":{"rendered":"Basquebolistas vallenarinas ser\u00e1n las representantes de Atacama en los JUDEJUT de Bolivia"},"content":{"rendered":"<p><a href=\"http:\/\/www.radioamigavallenar.cl\/wp-content\/uploads\/2018\/03\/Basquebolistas-San-Francisco1.jpg\"><img loading=\"lazy\" decoding=\"async\" class=\" size-medium wp-image-9018 aligncenter\" src=\"http:\/\/www.radioamigavallenar.cl\/wp-content\/uploads\/2018\/03\/Basquebolistas-San-Francisco1-300x225.jpg\" alt=\"Basquebolistas San Francisco\" width=\"300\" height=\"225\" srcset=\"https:\/\/www.radioamigavallenar.cl\/wp-content\/uploads\/2018\/03\/Basquebolistas-San-Francisco1-300x225.jpg 300w, https:\/\/www.radioamigavallenar.cl\/wp-content\/uploads\/2018\/03\/Basquebolistas-San-Francisco1.jpg 700w\" sizes=\"auto, (max-width: 300px) 100vw, 300px\" \/><\/a><\/p>\n<p style=\"text-align: justify;\">Desde diciembre del a\u00f1o pasado, las basquetbolistas vallenarinas que nos representar\u00e1n en los JUDEJUT Chile 2018 se est\u00e1n preparando para este evento internacional que reunir\u00e1 del 6 al 12 de mayo, a las juventudes de Bolivia, Per\u00fa y del norte de nuestro pa\u00eds. Las j\u00f3venes amantes del baloncesto, forman parte de un selecto grupo que viene trabajando desde hace un buen tiempo en las series inferiores del liceo San francisco principalmente, pero abierto al resto de los colegios de la comuna.<\/p>\n<p style=\"text-align: justify;\">Cabe destacar que las j\u00f3venes basquebolistas est\u00e1n bajo las instrucciones del profesor Marcelo Gonz\u00e1lez, destacado entrenador de la disciplina, con pasado cestero en la comuna y conocedor de procesos formativos a los que siempre ha destacado, liderando un proceso, que aunque a veces es dif\u00edcil, e incluso poco valorado, ha sabido sacar adelante con el profesionalismo que le caracteriza.<\/p>\n<p style=\"text-align: justify;\">Desde hace un buen tiempo a la fecha, las deportistas est\u00e1n prepar\u00e1ndose al 100 por ciento, especialmente porque ser\u00e1n locales en estos Juegos. \u00abEs una doble responsabilidad y las chicas lo tienen claro, ya que debemos hacer una buena presentaci\u00f3n. Nuestra meta es estar dentro de las 3 primeras\u00bb, se\u00f1al\u00f3 el DT.<\/p>\n<p style=\"text-align: justify;\">Dentro del equipo existe un ambiente de compa\u00f1erismo, de trabajo y responsabilidad en todo lo que ellas se han planteado como objetivos, donde sin duda la disciplina, y el querer hacer bien las cosas, est\u00e1n dando sus primeros frutos, lo que asegura un buen porvenir por parte de la selecci\u00f3n y sus futuras presentaciones.<\/p>\n<p style=\"text-align: justify;\"><strong>SERENA<\/strong><\/p>\n<p style=\"text-align: justify;\">Dentro de su preparaci\u00f3n, fueron el fin de semana pasado hasta La Serena donde jugaron un cuadrangular con La Serena, Coquimbo y la selecci\u00f3n JUDEJUT de Illapel, imponi\u00e9ndose las atacame\u00f1as en todos sus encuentros, lo que da cuenta del trabajo sostenido en el tiempo.<\/p>\n<p style=\"text-align: justify;\">He de esperar que estas ni\u00f1as tengan adem\u00e1s del respaldo de sus familias y sus respectivos colegios, el respaldo de las autoridades competentes en la materia, y por supuesto de la comunidad en general, la que debe valorar el silencioso trabajo de un grupo de vallenarinas que desea conquistar el cielo.<\/p>\n","protected":false},"excerpt":{"rendered":"<p>Desde diciembre del a\u00f1o pasado, las basquetbolistas vallenarinas que nos representar\u00e1n en los JUDEJUT Chile 2018 se est\u00e1n preparando para este evento internacional que reunir\u00e1&hellip; <\/p>\n","protected":false},"author":2,"featured_media":9017,"comment_status":"open","ping_status":"closed","sticky":false,"template":"","format":"standard","meta":{"footnotes":""},"categories":[8],"tags":[],"class_list":["post-9016","post","type-post","status-publish","format-standard","has-post-thumbnail","hentry","category-deportes"],"_links":{"self":[{"href":"https:\/\/www.radioamigavallenar.cl\/index.php?rest_route=\/wp\/v2\/posts\/9016","targetHints":{"allow":["GET"]}}],"collection":[{"href":"https:\/\/www.radioamigavallenar.cl\/index.php?rest_route=\/wp\/v2\/posts"}],"about":[{"href":"https:\/\/www.radioamigavallenar.cl\/index.php?rest_route=\/wp\/v2\/types\/post"}],"author":[{"embeddable":true,"href":"https:\/\/www.radioamigavallenar.cl\/index.php?rest_route=\/wp\/v2\/users\/2"}],"replies":[{"embeddable":true,"href":"https:\/\/www.radioamigavallenar.cl\/index.php?rest_route=%2Fwp%2Fv2%2Fcomments&post=9016"}],"version-history":[{"count":0,"href":"https:\/\/www.radioamigavallenar.cl\/index.php?rest_route=\/wp\/v2\/posts\/9016\/revisions"}],"wp:featuredmedia":[{"embeddable":true,"href":"https:\/\/www.radioamigavallenar.cl\/index.php?rest_route=\/wp\/v2\/media\/9017"}],"wp:attachment":[{"href":"https:\/\/www.radioamigavallenar.cl\/index.php?rest_route=%2Fwp%2Fv2%2Fmedia&parent=9016"}],"wp:term":[{"taxonomy":"category","embeddable":true,"href":"https:\/\/www.radioamigavallenar.cl\/index.php?rest_route=%2Fwp%2Fv2%2Fcategories&post=9016"},{"taxonomy":"post_tag","embeddable":true,"href":"https:\/\/www.radioamigavallenar.cl\/index.php?rest_route=%2Fwp%2Fv2%2Ftags&post=9016"}],"curies":[{"name":"wp","href":"https:\/\/api.w.org\/{rel}","templated":true}]}}