{"id":90061,"date":"2025-03-31T00:00:28","date_gmt":"2025-03-31T03:00:28","guid":{"rendered":"https:\/\/www.radioamigavallenar.cl\/?p=90061"},"modified":"2025-03-30T23:32:46","modified_gmt":"2025-03-31T02:32:46","slug":"banco-central-presenta-el-informe-de-politica-monetaria-en-atacama-junto-a-corproa","status":"publish","type":"post","link":"https:\/\/www.radioamigavallenar.cl\/?p=90061","title":{"rendered":"Banco Central presenta el Informe de Pol\u00edtica Monetaria en Atacama junto a Corproa"},"content":{"rendered":"<p class=\"\" data-start=\"327\" data-end=\"524\"><strong data-start=\"327\" data-end=\"524\">El consejero Alberto Naudon expuso las proyecciones econ\u00f3micas del pa\u00eds y destac\u00f3 los desaf\u00edos inflacionarios. La actividad cont\u00f3 con autoridades regionales, gremios empresariales y acad\u00e9micos.<\/strong><\/p>\n<p class=\"\" data-start=\"526\" data-end=\"1040\">El Banco Central de Chile, en conjunto con la Corporaci\u00f3n para el Desarrollo de la Regi\u00f3n de Atacama (Corproa), present\u00f3 este viernes el Informe de Pol\u00edtica Monetaria (IPoM) correspondiente a marzo de 2025 en la ciudad de Copiap\u00f3. La exposici\u00f3n estuvo a cargo del consejero del organismo emisor, Alberto Naudon, y cont\u00f3 con la presencia del gobernador regional Miguel Vargas, el delegado presidencial Rodrigo Illanes, autoridades regionales, empresarios, representantes del sector minero, acad\u00e9micos y estudiantes.<\/p>\n<p class=\"\" data-start=\"1042\" data-end=\"1415\">Durante su presentaci\u00f3n, Naudon abord\u00f3 las principales proyecciones econ\u00f3micas del pa\u00eds, se\u00f1alando que \u201cla econom\u00eda chilena ha sido algo m\u00e1s din\u00e1mica de lo previsto, lo que se traduce en una mejora en las proyecciones de crecimiento para este a\u00f1o\u201d. En esa l\u00ednea, el IPoM estima un crecimiento del PIB en el rango de 1,75% a 2,75% para 2025 y de entre 1,5% y 2,5% para 2026.<\/p>\n<p class=\"\" data-start=\"1417\" data-end=\"1710\">El consejero advirti\u00f3 que, pese a las se\u00f1ales de recuperaci\u00f3n, la inflaci\u00f3n sigue siendo alta y distante de la meta del 3% fijada por el Banco Central. \u201cEsto nos ha llevado a insistir en la importancia de mantener una pol\u00edtica monetaria cautelosa que se haga cargo de estos elementos\u201d, afirm\u00f3.<\/p>\n<p class=\"\" data-start=\"1712\" data-end=\"1880\">En su an\u00e1lisis, tambi\u00e9n destac\u00f3 un escenario internacional m\u00e1s incierto, que a\u00fan no ha impactado negativamente al pa\u00eds, pero que representa un riesgo en el corto plazo.<\/p>\n<p class=\"\" data-start=\"1882\" data-end=\"2359\">Por su parte, el gobernador Miguel Vargas valor\u00f3 las perspectivas de crecimiento econ\u00f3mico, en particular por el rol de la miner\u00eda. \u201cLa situaci\u00f3n de la econom\u00eda en la regi\u00f3n se vislumbra con buenas expectativas, y eso es lo que quiero recalcar a partir de la proyecci\u00f3n de crecimiento de la actividad minera. Ojal\u00e1 los proyectos puedan concretarse con mayor rapidez. Cuando los tr\u00e1mites son excesivos, afectan no solo a la inversi\u00f3n privada, sino tambi\u00e9n a la p\u00fablica\u201d, se\u00f1al\u00f3.<\/p>\n<p class=\"\" data-start=\"2361\" data-end=\"2699\">Desde el mundo empresarial, Patricio Pinto, director de Corproa y quien subrog\u00f3 al presidente de la entidad, Juan Jos\u00e9 Ronsecco, destac\u00f3 la importancia de la instancia: \u201cContar con el Banco Central exponiendo el IPoM, como lo ha hecho durante a\u00f1os, nos permite observar c\u00f3mo se mueve la econom\u00eda del pa\u00eds, pero tambi\u00e9n la econom\u00eda local\u201d.<\/p>\n<p class=\"\" data-start=\"2701\" data-end=\"3093\">La jornada concluy\u00f3 con una clase magistral dictada por Alberto Naudon en INACAP, titulada \u201cCriptomonedas y Activos Digitales\u201d, dirigida a estudiantes y docentes. \u201cEl Banco Central tiene que llegar a todo Chile, por eso parte importante de nuestra labor es salir a regiones, difundir las funciones del Banco y vincularnos, conocer de primera mano la experiencia local\u201d, concluy\u00f3 el consejero.<\/p>\n","protected":false},"excerpt":{"rendered":"<p>El consejero Alberto Naudon expuso las proyecciones econ\u00f3micas del pa\u00eds y destac\u00f3 los desaf\u00edos inflacionarios. La actividad cont\u00f3 con autoridades regionales, gremios empresariales y acad\u00e9micos.&hellip; <\/p>\n","protected":false},"author":6,"featured_media":90062,"comment_status":"closed","ping_status":"closed","sticky":false,"template":"","format":"standard","meta":{"footnotes":""},"categories":[38],"tags":[],"class_list":["post-90061","post","type-post","status-publish","format-standard","has-post-thumbnail","hentry","category-portada-regional"],"_links":{"self":[{"href":"https:\/\/www.radioamigavallenar.cl\/index.php?rest_route=\/wp\/v2\/posts\/90061","targetHints":{"allow":["GET"]}}],"collection":[{"href":"https:\/\/www.radioamigavallenar.cl\/index.php?rest_route=\/wp\/v2\/posts"}],"about":[{"href":"https:\/\/www.radioamigavallenar.cl\/index.php?rest_route=\/wp\/v2\/types\/post"}],"author":[{"embeddable":true,"href":"https:\/\/www.radioamigavallenar.cl\/index.php?rest_route=\/wp\/v2\/users\/6"}],"replies":[{"embeddable":true,"href":"https:\/\/www.radioamigavallenar.cl\/index.php?rest_route=%2Fwp%2Fv2%2Fcomments&post=90061"}],"version-history":[{"count":1,"href":"https:\/\/www.radioamigavallenar.cl\/index.php?rest_route=\/wp\/v2\/posts\/90061\/revisions"}],"predecessor-version":[{"id":90063,"href":"https:\/\/www.radioamigavallenar.cl\/index.php?rest_route=\/wp\/v2\/posts\/90061\/revisions\/90063"}],"wp:featuredmedia":[{"embeddable":true,"href":"https:\/\/www.radioamigavallenar.cl\/index.php?rest_route=\/wp\/v2\/media\/90062"}],"wp:attachment":[{"href":"https:\/\/www.radioamigavallenar.cl\/index.php?rest_route=%2Fwp%2Fv2%2Fmedia&parent=90061"}],"wp:term":[{"taxonomy":"category","embeddable":true,"href":"https:\/\/www.radioamigavallenar.cl\/index.php?rest_route=%2Fwp%2Fv2%2Fcategories&post=90061"},{"taxonomy":"post_tag","embeddable":true,"href":"https:\/\/www.radioamigavallenar.cl\/index.php?rest_route=%2Fwp%2Fv2%2Ftags&post=90061"}],"curies":[{"name":"wp","href":"https:\/\/api.w.org\/{rel}","templated":true}]}}