{"id":8999,"date":"2018-03-26T07:00:27","date_gmt":"2018-03-26T10:00:27","guid":{"rendered":"http:\/\/www.radioamigavallenar.cl\/?p=8999"},"modified":"2018-03-26T12:19:27","modified_gmt":"2018-03-26T15:19:27","slug":"atencion-primaria-de-atacama-se-reune-con-servicio-salud","status":"publish","type":"post","link":"https:\/\/www.radioamigavallenar.cl\/?p=8999","title":{"rendered":"Atenci\u00f3n primaria de Atacama se re\u00fane con Servicio Salud"},"content":{"rendered":"<p style=\"text-align: center;\"><a href=\"http:\/\/www.radioamigavallenar.cl\/wp-content\/uploads\/2018\/03\/Atencion-primaria.jpg\"><img loading=\"lazy\" decoding=\"async\" class=\"alignnone size-medium wp-image-9000\" src=\"http:\/\/www.radioamigavallenar.cl\/wp-content\/uploads\/2018\/03\/Atencion-primaria-300x200.jpg\" alt=\"Atencion primaria\" width=\"300\" height=\"200\" srcset=\"https:\/\/www.radioamigavallenar.cl\/wp-content\/uploads\/2018\/03\/Atencion-primaria-300x200.jpg 300w, https:\/\/www.radioamigavallenar.cl\/wp-content\/uploads\/2018\/03\/Atencion-primaria.jpg 700w\" sizes=\"auto, (max-width: 300px) 100vw, 300px\" \/><\/a><\/p>\n<p style=\"text-align: justify;\">Fue en la primera reuni\u00f3n de coordinaci\u00f3n a\u00f1o 2018 entre el Servicio de Salud de Atacama y los directivos con la red de atenci\u00f3n primaria regional de las 9 comunas de Atacama que el nuevo Sub Director M\u00e9dico de la entidad, Dr. Gilberto Amudio, dio a conocer cu\u00e1les ser\u00e1n los enfoques y acciones que proyecta la Direcci\u00f3n del SSA para potenciar, facilitar y proyectar\u00a0\u00a0 a los recintos APS de Atacama como uno de los eslabones m\u00e1s relevantes del sistema de salud regional.<\/p>\n<p style=\"text-align: justify;\">En la instancia, que reuni\u00f3 al equipo t\u00e9cnico del Servicio de Salud de Atacama junto \u00a0a los Encargados de Salud Municipal y los directores de Cesfam y Ces, el directivo plante\u00f3 que la atenci\u00f3n primaria seguir\u00e1 siendo fortalecida considerando que cumple un rol fundamental para el sistema p\u00fablico de salud y los esfuerzos estar\u00e1n en entregar las mejores condiciones de recursos humanos, f\u00edsicos, financieros y econ\u00f3micos para avanzar y potenciar su labor.<\/p>\n<p style=\"text-align: justify;\">En esa l\u00ednea , el Dr. Gilberto Amudio plante\u00f3 que uno de los esfuerzos \u201centre otros aspectos, estar\u00e1n en optimizar la interrelaci\u00f3n del sistema de Atenci\u00f3n Primaria con los hospitales de la red regional de salud y para eso ser\u00e1 fundamental facilitar la capacitaci\u00f3n permanente del personal de atenci\u00f3n primaria con la finalidad de mejorar la derivaci\u00f3n y tratamiento oportuno de los pacientes del primer nivel de atenci\u00f3n hacia la atenci\u00f3n secundaria y terciaria especializada\u201d explic\u00f3.<\/p>\n<p style=\"text-align: justify;\">Entre otros aspectos, Dr. Amudio sostuvo que, por ejemplo, \u201cse realizar\u00e1 una evaluaci\u00f3n de los sistemas de urgencia de Atenci\u00f3n Primaria en diferentes aspectos como tiempos de espera, pacientes atendidos seg\u00fan complejidad, los procedimientos que ah\u00ed se realizan, todo con la finalidad de tambi\u00e9n ir mejorando el nivel de resolutividad de dichas unidades\u201d enfatiz\u00f3.<\/p>\n<p style=\"text-align: justify;\">Tras su presentaci\u00f3n, directivos de la salud municipal asistentes a la reuni\u00f3n recalcaron el \u00e9nfasis que la nueva administraci\u00f3n del Servicio de Salud pondr\u00e1 en el acompa\u00f1amiento y v\u00ednculo con la salud primaria de los municipios y, tambi\u00e9n, el clima de cercan\u00eda y franqueza que existi\u00f3 en la reuni\u00f3n.<\/p>\n<p style=\"text-align: justify;\">\u00a0Otras de las tem\u00e1ticas de car\u00e1cter t\u00e9cnico abordados en la reuni\u00f3n fueron la evaluaci\u00f3n y an\u00e1lisis sobre la implementaci\u00f3n del Programa Fondo Farmacia (FOFAR) en los recintos de Atenci\u00f3n Primaria, el proceso de acreditaci\u00f3n de cada establecimiento y la puesta en marcha de la campa\u00f1a contra la influenza.<\/p>\n","protected":false},"excerpt":{"rendered":"<p>Fue en la primera reuni\u00f3n de coordinaci\u00f3n a\u00f1o 2018 entre el Servicio de Salud de Atacama y los directivos con la red de atenci\u00f3n primaria&hellip; <\/p>\n","protected":false},"author":2,"featured_media":9000,"comment_status":"open","ping_status":"closed","sticky":false,"template":"","format":"standard","meta":{"footnotes":""},"categories":[7],"tags":[],"class_list":["post-8999","post","type-post","status-publish","format-standard","has-post-thumbnail","hentry","category-atacama"],"_links":{"self":[{"href":"https:\/\/www.radioamigavallenar.cl\/index.php?rest_route=\/wp\/v2\/posts\/8999","targetHints":{"allow":["GET"]}}],"collection":[{"href":"https:\/\/www.radioamigavallenar.cl\/index.php?rest_route=\/wp\/v2\/posts"}],"about":[{"href":"https:\/\/www.radioamigavallenar.cl\/index.php?rest_route=\/wp\/v2\/types\/post"}],"author":[{"embeddable":true,"href":"https:\/\/www.radioamigavallenar.cl\/index.php?rest_route=\/wp\/v2\/users\/2"}],"replies":[{"embeddable":true,"href":"https:\/\/www.radioamigavallenar.cl\/index.php?rest_route=%2Fwp%2Fv2%2Fcomments&post=8999"}],"version-history":[{"count":0,"href":"https:\/\/www.radioamigavallenar.cl\/index.php?rest_route=\/wp\/v2\/posts\/8999\/revisions"}],"wp:featuredmedia":[{"embeddable":true,"href":"https:\/\/www.radioamigavallenar.cl\/index.php?rest_route=\/wp\/v2\/media\/9000"}],"wp:attachment":[{"href":"https:\/\/www.radioamigavallenar.cl\/index.php?rest_route=%2Fwp%2Fv2%2Fmedia&parent=8999"}],"wp:term":[{"taxonomy":"category","embeddable":true,"href":"https:\/\/www.radioamigavallenar.cl\/index.php?rest_route=%2Fwp%2Fv2%2Fcategories&post=8999"},{"taxonomy":"post_tag","embeddable":true,"href":"https:\/\/www.radioamigavallenar.cl\/index.php?rest_route=%2Fwp%2Fv2%2Ftags&post=8999"}],"curies":[{"name":"wp","href":"https:\/\/api.w.org\/{rel}","templated":true}]}}